{"id":29824,"date":"2026-03-05T11:15:03","date_gmt":"2026-03-05T11:15:03","guid":{"rendered":"http:\/\/www.lanuevaopcion.cl\/?p=29824"},"modified":"2026-03-05T11:15:03","modified_gmt":"2026-03-05T11:15:03","slug":"frase-de-roberto-cox-genera-%e2%80%9cincomodo%e2%80%9d-silencio-en-vivo-y-rostro-de-karina-alvarez-lo-dijo-todo-momento-no-paso-inadvertido","status":"publish","type":"post","link":"https:\/\/www.lanuevaopcion.cl\/?p=29824","title":{"rendered":"Frase de Roberto Cox genera \u201cinc\u00f3modo\u201d silencio en vivo y rostro de Karina \u00c1lvarez lo dijo todo: momento no pas\u00f3 inadvertido"},"content":{"rendered":"<p><img loading=\"lazy\" decoding=\"async\"  alt=\"\" src=\"https:\/\/www.lacuarta.com\/resizer\/v2\/6NDDM4DCQNEYDAPSVDG3GYUGG4.jpg?auth=aa43ccc31f030da0d52216d94101394e6914b632f0e222d1818a3575e5174a49&#038;smart=true&#038;width=375&#038;height=211&#038;quality=70\" class=\"alignleft\" width=\"375\" height=\"211\" \/ class=\"alignleft\" style=\"margin-right:15px;margin-bottom:10px;float:left;\" ><br \/>\nUna llamativa situaci\u00f3n se produjo la ma\u00f1ana de este mi\u00e9rcoles en Chilevisi\u00f3n Noticias AM, la cual estuvo protagonizada por Karina \u00c1lvarez y Roberto Cox.<\/p>\n<p>Todo surgi\u00f3 cuando ambos empezaron a comentar el impasse entre el mandatario actual, Gabriel Boric, y el presidente electo, Jos\u00e9 Antonio Kast, quienes sacaron ronchas tras la reuni\u00f3n que sostuvieron esta martes en La Moneda.<br \/>\n<!--more--><br \/>\nAs\u00ed nom\u00e1s, pues justo hablaban sobre el encuentro de 22 minutos que tuvieron, y que termin\u00f3 de la peor manera, con ambos tir\u00e1ndose palos por las redes, y con las relaciones totalmente cortadas. Todo esto, a una semana del cambio de mando.<\/p>\n<p>De hecho, fue en ese instante cuando el periodista expuso una supuesta declaraci\u00f3n del Jefe de Estado: \u201cLe habr\u00eda dicho al momento de despedir a Jos\u00e9 Antonio Kast \u2018nos vemos el once (de marzo)\u2019\u201d.<\/p>\n<p>Acto seguido, se produjo un silencio eterno en el estudio, aunque la cara de la comunicadora lo dijo todo. Seg\u00fan las malas lenguas, ambos pensaron en completar la oraci\u00f3n con el tradicional \u201cchu&#8230; entonces\u201d.<\/p>\n<p>Gener\u00f3 reacciones<br \/>\nSi bien no lo dijeron, no fueron pocos los que juran de guata que esa frase se les vino inmediatamente la cabeza, pese a que segundos despu\u00e9s retomaron el hilo y continuaron entregando detalles sobre la \u201cpelea de presidentes\u201d.<\/p>\n<p>De hecho, en las redes sociales el momento fue viralizado por Ojo a la tele, cuenta de Instagram especializada en rescatar momentos que ocurren en la pantalla chica.<\/p>\n<p>\u201c\u00bfLo habr\u00e1n pensando?\u201c, se preguntaron en alusi\u00f3n a la curiosa an\u00e9cdota. Acto seguido, los comentarios de los cibernautas no se hicieron esperar, aunque la mayor\u00eda se resumen en emojis de carcajadas.<\/p>\n<p>En tanto, otros no se lo tomaron con tanto humor y empezaron a conversar sobre la contigencia pol\u00edtica y las repercusiones del medi\u00e1tico round.<br \/>\nhttps:\/\/www.lacuarta.com\/espectaculos\/noticia\/frase-de-roberto-cox-genera-incomodo-silencio-en-vivo-y-rostro-de-karina-alvarez-lo-dijo-todo-momento-no-paso-inadvertido\/<br \/>\nFUENTE. LA CUARTA.COM<br \/>\nMEDIO DE DIFUSION, SIN FIN DE LUCRO ALGUNO <\/p>\n","protected":false},"excerpt":{"rendered":"<p>Una llamativa situaci\u00f3n se produjo la ma\u00f1ana de este mi\u00e9rcoles en Chilevisi\u00f3n Noticias AM, la cual estuvo protagonizada por Karina \u00c1lvarez y Roberto Cox. Todo surgi\u00f3 cuando ambos empezaron a comentar el impasse entre el mandatario actual, Gabriel Boric, y el presidente electo, Jos\u00e9 Antonio Kast, quienes sacaron ronchas tras la reuni\u00f3n que sostuvieron esta [&hellip;]<\/p>\n","protected":false},"author":51,"featured_media":0,"comment_status":"open","ping_status":"open","sticky":false,"template":"","format":"standard","meta":{"footnotes":""},"categories":[8,9,5,16,1,11],"tags":[1440,138,116],"class_list":["post-29824","post","type-post","status-publish","format-standard","hentry","category-cultura","category-educacion","category-internacional","category-nacional","category-uncategorized","category-tendencias","tag-chv","tag-espectaculo","tag-tv"],"_links":{"self":[{"href":"https:\/\/www.lanuevaopcion.cl\/index.php?rest_route=\/wp\/v2\/posts\/29824","targetHints":{"allow":["GET"]}}],"collection":[{"href":"https:\/\/www.lanuevaopcion.cl\/index.php?rest_route=\/wp\/v2\/posts"}],"about":[{"href":"https:\/\/www.lanuevaopcion.cl\/index.php?rest_route=\/wp\/v2\/types\/post"}],"author":[{"embeddable":true,"href":"https:\/\/www.lanuevaopcion.cl\/index.php?rest_route=\/wp\/v2\/users\/51"}],"replies":[{"embeddable":true,"href":"https:\/\/www.lanuevaopcion.cl\/index.php?rest_route=%2Fwp%2Fv2%2Fcomments&post=29824"}],"version-history":[{"count":1,"href":"https:\/\/www.lanuevaopcion.cl\/index.php?rest_route=\/wp\/v2\/posts\/29824\/revisions"}],"predecessor-version":[{"id":29825,"href":"https:\/\/www.lanuevaopcion.cl\/index.php?rest_route=\/wp\/v2\/posts\/29824\/revisions\/29825"}],"wp:attachment":[{"href":"https:\/\/www.lanuevaopcion.cl\/index.php?rest_route=%2Fwp%2Fv2%2Fmedia&parent=29824"}],"wp:term":[{"taxonomy":"category","embeddable":true,"href":"https:\/\/www.lanuevaopcion.cl\/index.php?rest_route=%2Fwp%2Fv2%2Fcategories&post=29824"},{"taxonomy":"post_tag","embeddable":true,"href":"https:\/\/www.lanuevaopcion.cl\/index.php?rest_route=%2Fwp%2Fv2%2Ftags&post=29824"}],"curies":[{"name":"wp","href":"https:\/\/api.w.org\/{rel}","templated":true}]}}