{"id":29635,"date":"2025-11-28T09:21:34","date_gmt":"2025-11-28T09:21:34","guid":{"rendered":"http:\/\/www.lanuevaopcion.cl\/?p=29635"},"modified":"2025-11-28T09:23:49","modified_gmt":"2025-11-28T09:23:49","slug":"la-viralizada-%e2%80%9cdespedida%e2%80%9d-entre-jara-y-kast-que-no-se-vio-en-el-debate-candidata-lanzo-directo-palito","status":"publish","type":"post","link":"https:\/\/www.lanuevaopcion.cl\/?p=29635","title":{"rendered":"La viralizada \u201cdespedida\u201d entre Jara y Kast que no se vio en el debate: candidata lanz\u00f3 directo palito"},"content":{"rendered":"<p><img loading=\"lazy\" decoding=\"async\"  alt=\"\" src=\"https:\/\/www.lacuarta.com\/resizer\/v2\/3BLKVTDNHRGKFMGP3E5TWT63DE.jpg?auth=485d94b57fd96c01ee3e5bafe1e1442c4ddd7c7c32e01b0cf69291416db9eb55&#038;smart=true&#038;width=420&#038;height=236&#038;quality=70\" class=\"alignleft\" width=\"420\" height=\"236\" \/ class=\"alignleft\" style=\"margin-right:15px;margin-bottom:10px;float:left;\" ><br \/>\nUn particular momento protagonizaron Jeannette Jara y Jos\u00e9 Antonio Kast al terminar el debate presidencial de este jueves.<\/p>\n<p>Los dos postulantes a La Moneda se enfrentaron cara a cara, por primera vez tras pasar a segunda vuelta, en el Foro Social organizado por Hogar de Cristo y Radio Cooperativa.<br \/>\n<!--more--><!--more--><br \/>\nA la salida del encuentro, cada uno de los candidatos ofreci\u00f3 declaraciones a la prensa apostada en el exterior, donde evaluaron el resultado de la cita.<\/p>\n<p>Kast no se habr\u00eda despedido de Jara<br \/>\nCuando ya se retiraban, una c\u00e1mara de Canal 13 capt\u00f3 cuando Kast pas\u00f3 por el costado de Jara, sin despedirse.<\/p>\n<p>Una periodista le grit\u00f3 a distancia: \u201c\u00a1Candidato, \u00bfse va a despedir de la candidata Jara?!\u201d.<\/p>\n<p>El l\u00edder del Partido Republicano pas\u00f3 de largo y realiz\u00f3 una se\u00f1a con la mano desde lejos.<\/p>\n<p>La abanderada del progresismo qued\u00f3 mirando c\u00f3mo pasaba y solo coment\u00f3: \u201cParece que no se sinti\u00f3 muy c\u00f3modo\u201d.<\/p>\n<p>Los dos candidatos volver\u00e1n a encontrarse en el debate de ARCHI, fijado para las 8:00 de la ma\u00f1ana del mi\u00e9rcoles 3 de diciembre.<br \/>\nhttps:\/\/www.lacuarta.com\/chile\/noticia\/la-viralizada-despedida-entre-jara-y-kast-que-no-se-vio-en-el-debate-candidata-lanzo-directo-palito\/<br \/>\nFUENTE. LA CUARTA.COM<br \/>\nMEDIODE DIFUSION, SI FIN DE LUCRO ALGUNO <\/p>\n","protected":false},"excerpt":{"rendered":"<p>Un particular momento protagonizaron Jeannette Jara y Jos\u00e9 Antonio Kast al terminar el debate presidencial de este jueves. Los dos postulantes a La Moneda se enfrentaron cara a cara, por primera vez tras pasar a segunda vuelta, en el Foro Social organizado por Hogar de Cristo y Radio Cooperativa.<\/p>\n","protected":false},"author":51,"featured_media":0,"comment_status":"open","ping_status":"open","sticky":false,"template":"","format":"standard","meta":{"footnotes":""},"categories":[8,4,9,5,16,30,1,31,11],"tags":[205],"class_list":["post-29635","post","type-post","status-publish","format-standard","hentry","category-cultura","category-economia","category-educacion","category-internacional","category-nacional","category-policial","category-uncategorized","category-salud","category-tendencias","tag-chile"],"_links":{"self":[{"href":"https:\/\/www.lanuevaopcion.cl\/index.php?rest_route=\/wp\/v2\/posts\/29635","targetHints":{"allow":["GET"]}}],"collection":[{"href":"https:\/\/www.lanuevaopcion.cl\/index.php?rest_route=\/wp\/v2\/posts"}],"about":[{"href":"https:\/\/www.lanuevaopcion.cl\/index.php?rest_route=\/wp\/v2\/types\/post"}],"author":[{"embeddable":true,"href":"https:\/\/www.lanuevaopcion.cl\/index.php?rest_route=\/wp\/v2\/users\/51"}],"replies":[{"embeddable":true,"href":"https:\/\/www.lanuevaopcion.cl\/index.php?rest_route=%2Fwp%2Fv2%2Fcomments&post=29635"}],"version-history":[{"count":4,"href":"https:\/\/www.lanuevaopcion.cl\/index.php?rest_route=\/wp\/v2\/posts\/29635\/revisions"}],"predecessor-version":[{"id":29639,"href":"https:\/\/www.lanuevaopcion.cl\/index.php?rest_route=\/wp\/v2\/posts\/29635\/revisions\/29639"}],"wp:attachment":[{"href":"https:\/\/www.lanuevaopcion.cl\/index.php?rest_route=%2Fwp%2Fv2%2Fmedia&parent=29635"}],"wp:term":[{"taxonomy":"category","embeddable":true,"href":"https:\/\/www.lanuevaopcion.cl\/index.php?rest_route=%2Fwp%2Fv2%2Fcategories&post=29635"},{"taxonomy":"post_tag","embeddable":true,"href":"https:\/\/www.lanuevaopcion.cl\/index.php?rest_route=%2Fwp%2Fv2%2Ftags&post=29635"}],"curies":[{"name":"wp","href":"https:\/\/api.w.org\/{rel}","templated":true}]}}