{"id":29627,"date":"2025-11-24T11:11:26","date_gmt":"2025-11-24T11:11:26","guid":{"rendered":"http:\/\/www.lanuevaopcion.cl\/?p=29627"},"modified":"2025-11-24T11:11:26","modified_gmt":"2025-11-24T11:11:26","slug":"%e2%80%9choy-quedo-claro-quien-lo-tiene-y-quien-no%e2%80%9d-jara-sin-filtro-contra-kast-tras-no-presentarse-a-debate-presidencial-en-mega","status":"publish","type":"post","link":"https:\/\/www.lanuevaopcion.cl\/?p=29627","title":{"rendered":"\u201cHoy qued\u00f3 claro qui\u00e9n lo tiene y qui\u00e9n no\u201d: Jara sin filtro contra Kast tras no presentarse a debate presidencial en Mega"},"content":{"rendered":"<p><img loading=\"lazy\" decoding=\"async\"  alt=\"\" src=\"https:\/\/www.lacuarta.com\/resizer\/v2\/UJG7DA7RFRE77PBD2QGTSINQLY.jpg?auth=5ba2047133b9699ac6366e4e6a54b21dbdf42758cbfa651069ba08778ae79d8e&#038;focal=990%2C512&#038;width=420&#038;height=236&#038;quality=70\" class=\"alignleft\" width=\"420\" height=\"236\" \/ class=\"alignleft\" style=\"margin-right:15px;margin-bottom:10px;float:left;\" ><br \/>\nJeannette Jara (PC) emplaz\u00f3 Jos\u00e9 Antonio Kast (Rep.), luego de que el l\u00edder republicano decidiera no asistir al debate presidencial organizado por Mega para las 22.00 horas, instancia que finalmente no se realiz\u00f3 debido a su ausencia.<\/p>\n<p>A trav\u00e9s de redes sociales, la abanderada oficialista acus\u00f3 a JAK de evitar la confrontaci\u00f3n de ideas en una etapa decisiva de la campa\u00f1a.<br \/>\n<!--more--><br \/>\n\u201cKast decidi\u00f3 no presentarse a los debates. Yo s\u00ed estoy aqu\u00ed, dando la cara, con propuestas claras y el coraje para enfrentar los desaf\u00edos del pa\u00eds. Cuando uno quiere gobernar, conversa con la gente y no se esconde. Chile merece certezas, no evasivas\u201d, escribi\u00f3.<\/p>\n<p>\u201cPara ir a un debate se necesita coraje. Y hoy qued\u00f3 claro qui\u00e9n lo tiene y qui\u00e9n no\u00bb, a\u00f1adi\u00f3. <\/p>\n<p>Asimismo, plante\u00f3 que \u201cpara enfrentar al crimen organizado y al narcotr\u00e1fico se necesita a\u00fan m\u00e1s coraje, porque no basta con hablar de seguridad: hay que tener la convicci\u00f3n de actuar y dar certezas al pa\u00eds\u201d.<\/p>\n<p>\u201cDe frente a Chile\u201d<br \/>\nLuego, la exministra remarc\u00f3 que su disposici\u00f3n a debatir refleja \u201cuna diferencia sustantiva\u201d entre ambos postulantes a La Moneda.<\/p>\n<p>\u201cYo estoy aqu\u00ed, de frente a Chile, con propuestas serias, sin esconderme y dispuesta a responder todas las preguntas. Esa es la diferencia entre quienes queremos gobernar y quienes prefieren ausentarse\u201d, sentenci\u00f3.<br \/>\nhttps:\/\/www.lacuarta.com\/chile\/noticia\/hoy-quedo-claro-quien-lo-tiene-y-quien-no-jara-sin-filtro-contra-kast-tras-no-presentarse-a-debate-presidencial-en-mega\/<br \/>\nFUENTE. LA CUARTA.COM<br \/>\nMEDIO DE DIFUSION, SIN FIN DE LUCRO ALGUNO <\/p>\n","protected":false},"excerpt":{"rendered":"<p>Jeannette Jara (PC) emplaz\u00f3 Jos\u00e9 Antonio Kast (Rep.), luego de que el l\u00edder republicano decidiera no asistir al debate presidencial organizado por Mega para las 22.00 horas, instancia que finalmente no se realiz\u00f3 debido a su ausencia. A trav\u00e9s de redes sociales, la abanderada oficialista acus\u00f3 a JAK de evitar la confrontaci\u00f3n de ideas en [&hellip;]<\/p>\n","protected":false},"author":51,"featured_media":0,"comment_status":"open","ping_status":"open","sticky":false,"template":"","format":"standard","meta":{"footnotes":""},"categories":[8,7,4,9,5,16,30,1,31,11],"tags":[205],"class_list":["post-29627","post","type-post","status-publish","format-standard","hentry","category-cultura","category-deporte","category-economia","category-educacion","category-internacional","category-nacional","category-policial","category-uncategorized","category-salud","category-tendencias","tag-chile"],"_links":{"self":[{"href":"https:\/\/www.lanuevaopcion.cl\/index.php?rest_route=\/wp\/v2\/posts\/29627","targetHints":{"allow":["GET"]}}],"collection":[{"href":"https:\/\/www.lanuevaopcion.cl\/index.php?rest_route=\/wp\/v2\/posts"}],"about":[{"href":"https:\/\/www.lanuevaopcion.cl\/index.php?rest_route=\/wp\/v2\/types\/post"}],"author":[{"embeddable":true,"href":"https:\/\/www.lanuevaopcion.cl\/index.php?rest_route=\/wp\/v2\/users\/51"}],"replies":[{"embeddable":true,"href":"https:\/\/www.lanuevaopcion.cl\/index.php?rest_route=%2Fwp%2Fv2%2Fcomments&post=29627"}],"version-history":[{"count":1,"href":"https:\/\/www.lanuevaopcion.cl\/index.php?rest_route=\/wp\/v2\/posts\/29627\/revisions"}],"predecessor-version":[{"id":29628,"href":"https:\/\/www.lanuevaopcion.cl\/index.php?rest_route=\/wp\/v2\/posts\/29627\/revisions\/29628"}],"wp:attachment":[{"href":"https:\/\/www.lanuevaopcion.cl\/index.php?rest_route=%2Fwp%2Fv2%2Fmedia&parent=29627"}],"wp:term":[{"taxonomy":"category","embeddable":true,"href":"https:\/\/www.lanuevaopcion.cl\/index.php?rest_route=%2Fwp%2Fv2%2Fcategories&post=29627"},{"taxonomy":"post_tag","embeddable":true,"href":"https:\/\/www.lanuevaopcion.cl\/index.php?rest_route=%2Fwp%2Fv2%2Ftags&post=29627"}],"curies":[{"name":"wp","href":"https:\/\/api.w.org\/{rel}","templated":true}]}}