{"id":29624,"date":"2025-11-21T07:55:37","date_gmt":"2025-11-21T07:55:37","guid":{"rendered":"http:\/\/www.lanuevaopcion.cl\/?p=29624"},"modified":"2025-11-21T07:56:24","modified_gmt":"2025-11-21T07:56:24","slug":"tras-polemica-por-video-viral-jeannette-jara-remueve-a-su-principal-asesor-dario-quiroga","status":"publish","type":"post","link":"https:\/\/www.lanuevaopcion.cl\/?p=29624","title":{"rendered":"Tras pol\u00e9mica por video viral: Jeannette Jara remueve a su principal asesor, Dar\u00edo Quiroga"},"content":{"rendered":"<p><img loading=\"lazy\" decoding=\"async\"  alt=\"\" src=\"https:\/\/www.lacuarta.com\/resizer\/v2\/MN4RXPWUOFCJ7BRWW6YXJDLHIA.jpg?auth=96e260b7efa0353b77a0b190e3edb05e290363a4e3a4b05e7ea8c0b0a1df1806&#038;smart=true&#038;width=420&#038;height=236&#038;quality=70\" class=\"alignleft\" width=\"420\" height=\"236\" \/ class=\"alignleft\" style=\"margin-right:15px;margin-bottom:10px;float:left;\" ><br \/>\nLa candidata presidencial del progresismo, Jeannette Jara, solicit\u00f3 la renuncia al coordinador estrat\u00e9gico de su comando, Dar\u00edo Quiroga.<\/p>\n<p>La salida se produce luego de la pol\u00e9mica por un video, grabado en abril y que se viraliz\u00f3 esta semana, donde el estratega de campa\u00f1a trata en duros t\u00e9rminos al PDG y a la hermana de Franco Parisi.<br \/>\n<!--more--><br \/>\nJara dio a conocer su decisi\u00f3n a trav\u00e9s de un comunicado de su comando, donde afirman que se enmarca en una \u201creestructuraci\u00f3n\u201d de la campa\u00f1a.<\/p>\n<p>\u201cEn el marco del fortalecimiento y reestructuraci\u00f3n de la campa\u00f1a presidencial de Jeannette Jara, y considerando los desaf\u00edos que se requieren para esta nueva etapa, la candidata ha solicitado la renuncia a Dar\u00edo Quiroga al cargo de coordinador estrat\u00e9gico del comando\u201d, se lee en el comunicado.<\/p>\n<p>Cu\u00e1l fue la pol\u00e9mica<br \/>\nEl asesor comunicacional se hab\u00eda convertido en un flanco para la candidatura de Jara, luego que sus opositores viralizaran antiguas declaraciones realizadas en un podcast.<\/p>\n<p>En el extracto, que data de abril, Quiroga cargaba contra Franco Parisi trat\u00e1ndolo de \u201cultraderechista\u201d y a la \u201cestructura\u201d del Partido de la Gente (PDG) como \u201cchanta\u201d.<\/p>\n<p>Pero no fue todo, tambi\u00e9n ironiz\u00f3 con el nombre de la hermana de Franco, Zandra Parisi, por escribirse con la letra \u201cz\u201d.<\/p>\n<p>Parisi, esta misma jornada, le quit\u00f3 drama a la pol\u00e9mica, asegurando que \u201ctodos\u201d les tratan de esa manera y que Quiroga ya se hab\u00eda disculpado con \u00e9l y su hermana.<\/p>\n<p>Por su partes, Jeannette Jara se refiri\u00f3 a los dichos de su asesor asegurando: \u201cJam\u00e1s van a ver un video de esa naturaleza en mi caso. No es mi estilo. No soy una persona que trata as\u00ed a los dem\u00e1s\u201d.<\/p>\n<p>\u201cA m\u00ed nunca me gustan los dichos clasistas porque generalmente son las grandes mayor\u00eda las que se ven afectadas\u201c, agreg\u00f3.<\/p>\n<p>La candidata indic\u00f3, adem\u00e1s, que el video \u201ces antiguo\u201d y que supo de la disculpa que Quiroga ofreci\u00f3 a Zandra Parisi, hoy diputada electa.<br \/>\nhttps:\/\/www.lacuarta.com\/chile\/noticia\/tras-polemica-por-video-jeannette-jara-remueve-a-su-principal-asesor-dario-quiroga\/<br \/>\nFUENTE. LA CUARTA.COM<br \/>\nMEDIO DE DIFUSION, SIN FIN DE LUCRO ALGUNO <\/p>\n","protected":false},"excerpt":{"rendered":"<p>La candidata presidencial del progresismo, Jeannette Jara, solicit\u00f3 la renuncia al coordinador estrat\u00e9gico de su comando, Dar\u00edo Quiroga. La salida se produce luego de la pol\u00e9mica por un video, grabado en abril y que se viraliz\u00f3 esta semana, donde el estratega de campa\u00f1a trata en duros t\u00e9rminos al PDG y a la hermana de Franco [&hellip;]<\/p>\n","protected":false},"author":51,"featured_media":0,"comment_status":"open","ping_status":"open","sticky":false,"template":"","format":"standard","meta":{"footnotes":""},"categories":[8,7,4,9,5,16,30,1,31,11],"tags":[205],"class_list":["post-29624","post","type-post","status-publish","format-standard","hentry","category-cultura","category-deporte","category-economia","category-educacion","category-internacional","category-nacional","category-policial","category-uncategorized","category-salud","category-tendencias","tag-chile"],"_links":{"self":[{"href":"https:\/\/www.lanuevaopcion.cl\/index.php?rest_route=\/wp\/v2\/posts\/29624","targetHints":{"allow":["GET"]}}],"collection":[{"href":"https:\/\/www.lanuevaopcion.cl\/index.php?rest_route=\/wp\/v2\/posts"}],"about":[{"href":"https:\/\/www.lanuevaopcion.cl\/index.php?rest_route=\/wp\/v2\/types\/post"}],"author":[{"embeddable":true,"href":"https:\/\/www.lanuevaopcion.cl\/index.php?rest_route=\/wp\/v2\/users\/51"}],"replies":[{"embeddable":true,"href":"https:\/\/www.lanuevaopcion.cl\/index.php?rest_route=%2Fwp%2Fv2%2Fcomments&post=29624"}],"version-history":[{"count":2,"href":"https:\/\/www.lanuevaopcion.cl\/index.php?rest_route=\/wp\/v2\/posts\/29624\/revisions"}],"predecessor-version":[{"id":29626,"href":"https:\/\/www.lanuevaopcion.cl\/index.php?rest_route=\/wp\/v2\/posts\/29624\/revisions\/29626"}],"wp:attachment":[{"href":"https:\/\/www.lanuevaopcion.cl\/index.php?rest_route=%2Fwp%2Fv2%2Fmedia&parent=29624"}],"wp:term":[{"taxonomy":"category","embeddable":true,"href":"https:\/\/www.lanuevaopcion.cl\/index.php?rest_route=%2Fwp%2Fv2%2Fcategories&post=29624"},{"taxonomy":"post_tag","embeddable":true,"href":"https:\/\/www.lanuevaopcion.cl\/index.php?rest_route=%2Fwp%2Fv2%2Ftags&post=29624"}],"curies":[{"name":"wp","href":"https:\/\/api.w.org\/{rel}","templated":true}]}}