{"id":29468,"date":"2025-08-14T10:50:59","date_gmt":"2025-08-14T10:50:59","guid":{"rendered":"http:\/\/www.lanuevaopcion.cl\/?p=29468"},"modified":"2025-08-14T10:50:59","modified_gmt":"2025-08-14T10:50:59","slug":"el-feroz-ninguneo-de-cristian-de-la-fuente-a-los-rostros-de-los-matinales-%e2%80%9cno-son-capaces%e2%80%9d","status":"publish","type":"post","link":"https:\/\/www.lanuevaopcion.cl\/?p=29468","title":{"rendered":"El feroz ninguneo de Cristi\u00e1n de la Fuente a los rostros de los matinales: \u201cNo son capaces&#8230;\u201d"},"content":{"rendered":"<p><img loading=\"lazy\" decoding=\"async\"  alt=\"\" src=\"https:\/\/www.lacuarta.com\/resizer\/v2\/CO2PQ2C575CVDH73NLEAMRIOVI.jpg?auth=b8e71c55d93edeab3cd1d022f7421faa0474901e6d58ba5f655272c769977265&#038;smart=true&#038;width=375&#038;height=211&#038;quality=70\" class=\"alignleft\" width=\"375\" height=\"211\" \/ class=\"alignleft\" style=\"margin-right:15px;margin-bottom:10px;float:left;\" ><br \/>\nDur\u00edsimos dardos dispar\u00f3 el actor Cristi\u00e1n de la Fuente en contra de los animadores de matinales en Chile.<\/p>\n<p>En su programa de Radio Agricultura, llamado \u201cEllos\u201d, De la Fuente comentaba el \u00faltimo cahu\u00edn de la far\u00e1ndula y sincer\u00f3 que le estaban \u201csoplando\u201d por interno sobre el tema, a trav\u00e9s de los aud\u00edfonos.<\/p>\n<p>Por eso, quiso hablar de la vieja t\u00e9cnica que se utiliza en los medios de comunicaci\u00f3n y aprovech\u00f3 de arremeter contra rostros matutinos.<br \/>\n<!--more--><\/p>\n<p>\u201cLes voy a mostrar algo muy com\u00fan en M\u00e9xico, que es ir hablando con la muela. Los actores hablan con un sono. Entonces no se nota que me est\u00e1n soplando\u201d, parti\u00f3 comentando.<\/p>\n<p>En ese contexto, lanz\u00f3: \u201cNo les voy a decir nombres, pero hay gente que trabaja en televisi\u00f3n, que ustedes algunos los ven en los matinales y ustedes dicen \u2018qu\u00e9 inteligente esa persona\u2019\u201d<\/p>\n<p>\u201cY no es inteligente esa persona. Tienen un periodista en la orejita y van haciendo preguntas. Y si t\u00fa le sacas eso de la orejita, no son capaces de decir ninguna cosa, ni de hilvanar ninguna pregunta\u201d, asegur\u00f3.<\/p>\n<p>\u201c\u00a1Y son tan pelotudos!\u201c, lanz\u00f3 a la pasada, en tono de broma.<\/p>\n<p>Cristi\u00e1n de la Fuente en Radio Agricultura.<br \/>\nEscudero de Kaiser lo apoy\u00f3<br \/>\nSu compa\u00f1ero de programa, el diputado Cristi\u00e1n Labb\u00e9 (PNL), vocero de la campa\u00f1a presidencial de Johannes Kaiser, apoy\u00f3 sus dichos: \u201ces tan real lo que dices\u201d.<\/p>\n<p>\u201cYo no voy a los matinales por lo mismo. Me invitan, pero no voy\u201d, jur\u00f3 el parlamentario.<\/p>\n<p>\u201cSi vas a estar en un matinal y hay uno que se quiere lucir contigo, y tiene una oficina entera metida en la oreja, googleando lo que dijiste o no dijiste&#8230; no, yo no voy a matinales\u201d, explic\u00f3.<\/p>\n<p>En esa l\u00ednea, Labb\u00e9 descarg\u00f3: \u201cYo me hago mis propios reels, pero ir a hacerle un reel a otro huev\u00f3n&#8230; \u00a1que me la mame!\u201c.<br \/>\nhttps:\/\/www.lacuarta.com\/espectaculos\/noticia\/el-feroz-ninguneo-de-cristian-de-la-fuente-a-los-rostros-de-los-matinales-no-son-capaces\/<br \/>\nFUENTE. LA CUARTA.COM<br \/>\nMEDIO DE DIFUSION, SIN FIN DE LUCRO ALGUNO<\/p>\n","protected":false},"excerpt":{"rendered":"<p>Dur\u00edsimos dardos dispar\u00f3 el actor Cristi\u00e1n de la Fuente en contra de los animadores de matinales en Chile. En su programa de Radio Agricultura, llamado \u201cEllos\u201d, De la Fuente comentaba el \u00faltimo cahu\u00edn de la far\u00e1ndula y sincer\u00f3 que le estaban \u201csoplando\u201d por interno sobre el tema, a trav\u00e9s de los aud\u00edfonos. Por eso, quiso [&hellip;]<\/p>\n","protected":false},"author":51,"featured_media":0,"comment_status":"open","ping_status":"open","sticky":false,"template":"","format":"standard","meta":{"footnotes":""},"categories":[8,9,16,1,11],"tags":[138,1272,116],"class_list":["post-29468","post","type-post","status-publish","format-standard","hentry","category-cultura","category-educacion","category-nacional","category-uncategorized","category-tendencias","tag-espectaculo","tag-matinales","tag-tv"],"_links":{"self":[{"href":"https:\/\/www.lanuevaopcion.cl\/index.php?rest_route=\/wp\/v2\/posts\/29468","targetHints":{"allow":["GET"]}}],"collection":[{"href":"https:\/\/www.lanuevaopcion.cl\/index.php?rest_route=\/wp\/v2\/posts"}],"about":[{"href":"https:\/\/www.lanuevaopcion.cl\/index.php?rest_route=\/wp\/v2\/types\/post"}],"author":[{"embeddable":true,"href":"https:\/\/www.lanuevaopcion.cl\/index.php?rest_route=\/wp\/v2\/users\/51"}],"replies":[{"embeddable":true,"href":"https:\/\/www.lanuevaopcion.cl\/index.php?rest_route=%2Fwp%2Fv2%2Fcomments&post=29468"}],"version-history":[{"count":1,"href":"https:\/\/www.lanuevaopcion.cl\/index.php?rest_route=\/wp\/v2\/posts\/29468\/revisions"}],"predecessor-version":[{"id":29469,"href":"https:\/\/www.lanuevaopcion.cl\/index.php?rest_route=\/wp\/v2\/posts\/29468\/revisions\/29469"}],"wp:attachment":[{"href":"https:\/\/www.lanuevaopcion.cl\/index.php?rest_route=%2Fwp%2Fv2%2Fmedia&parent=29468"}],"wp:term":[{"taxonomy":"category","embeddable":true,"href":"https:\/\/www.lanuevaopcion.cl\/index.php?rest_route=%2Fwp%2Fv2%2Fcategories&post=29468"},{"taxonomy":"post_tag","embeddable":true,"href":"https:\/\/www.lanuevaopcion.cl\/index.php?rest_route=%2Fwp%2Fv2%2Ftags&post=29468"}],"curies":[{"name":"wp","href":"https:\/\/api.w.org\/{rel}","templated":true}]}}