{"id":29464,"date":"2025-08-12T12:49:19","date_gmt":"2025-08-12T12:49:19","guid":{"rendered":"http:\/\/www.lanuevaopcion.cl\/?p=29464"},"modified":"2025-08-12T12:49:19","modified_gmt":"2025-08-12T12:49:19","slug":"%e2%80%9clider-de-una-barra-brava%e2%80%9d-francisco-orrego-respondio-a-guarello-y-lo-invito-a-debatir","status":"publish","type":"post","link":"https:\/\/www.lanuevaopcion.cl\/?p=29464","title":{"rendered":"\u201cL\u00edder de una barra brava\u201d: Francisco Orrego respondi\u00f3 a Guarello y lo invit\u00f3 a debatir"},"content":{"rendered":"<p><img loading=\"lazy\" decoding=\"async\"  alt=\"\" src=\"https:\/\/www.lacuarta.com\/resizer\/v2\/BI6ENBLY4JCZJMFZY75TQAUBZ4.png?auth=9ac6e4674aa8591410d500dbde07d1d0a743d4f093e1941a92efe308c11219e9&#038;smart=true&#038;width=420&#038;height=236&#038;quality=70\" class=\"alignleft\" width=\"420\" height=\"236\" \/ class=\"alignleft\" style=\"margin-right:15px;margin-bottom:10px;float:left;\" ><br \/>\nDeclaraciones cruzadas han protagonizado Juan Crist\u00f3bal Guarello y Francisco Orrego en distintas plataformas. Este lunes 12 de agosto, en Sin Filtros, el ex candidato a gobernador tuvo su derecho a r\u00e9plica.<\/p>\n<p>Todo comenz\u00f3 porque el abogado derechista calific\u00f3 de \u201cignorante\u201d a Carlos Caszely, este \u00faltimo quien, en entrevista con Plan Perfecto de CHV, reflexion\u00f3 y critic\u00f3 que los medios s\u00ed llamen comunista a Jeannette Jara, pero no tilden de fascista a Jos\u00e9 Antonio Kast.<br \/>\n<!--more--><br \/>\n\u201cTodo lo que ha vivido Caszely no lo podr\u00edas vivir ni en cien mil vidas\u201d<\/p>\n<p>Foto: Captura de video. pc<br \/>\n\u201cDijo que es un ignorante en pol\u00edtica. Ya, es dif\u00edcil. Habr\u00eda que explicarle a Francisco Orrego que Caszely no es un ignorante en pol\u00edtica. Es un hombre que ha vivido mucho, que vivi\u00f3 grandes procesos pol\u00edticos en este pa\u00eds, en primera persona. El gobierno de Frei, el gobierno de Allende. Fue a jugar a Espa\u00f1a cuando todav\u00eda gobernaba Franco. Volvi\u00f3 a Chile cuando todav\u00eda estaba Pinochet y estaba intervenido Colo Colo. Vio la intervenci\u00f3n de la ANFP por parte de los militares, tuvo que ir a La Moneda\u201d, le coment\u00f3 JC en La Hora de King Kong.<\/p>\n<p>\u201cEstuvo en el consulado en Espa\u00f1a. Tambi\u00e9n Caszely fue muy amigo de Volodia Teitelboim. En la Unidad Popular fue un hombre cercano a Salvador Allende. Y desde su estatura, de figura, de estrella, para Pinochet fue un hombre intocable. Sufri\u00f3 una campa\u00f1a de desprestigio violenta por los medios chilenos, que a m\u00ed me toc\u00f3 verla. Fue sacado de la selecci\u00f3n en el a\u00f1o 77 por razones pol\u00edticas, para que no jugara en la eliminatoria. Es dif\u00edcil que Caszely sea ignorante en materia pol\u00edtica\u201d, agreg\u00f3.<\/p>\n<p>\u201cPuede ser un riesgo que a ti no te gusten las opiniones de Caszely o puede ser que t\u00fa creas que Kast, que es tu candidato, no es un fascista. Algunos dir\u00edan que es un criptofascista. Es una definici\u00f3n bien interesante a nivel filos\u00f3fico y pol\u00edtico. Pero decir que Caszely es un ignorante pol\u00edtico es ser un ignorante de historia. Un ignorante en la historia de Chile. Y ser un ignorante en la historia popular de este pa\u00eds\u201d, sigui\u00f3.<\/p>\n<p>\u201cEso es ser ignorante, porque Caszely realmente es un hombre testigo, en primera l\u00ednea, de la historia de Chile. Te guste o no. No te gusta su opini\u00f3n, mala suerte. Pero decir que Caszely es un ignorante\u2026 Todo lo que ha vivido Caszely no lo podr\u00edas vivir ni en cien mil vidas\u00bb, sentenci\u00f3.<\/p>\n<p>Orrego, por su parte, en el programa Los Tres Mosqueteros de Radio Agricultura, donde fue invitado, adelant\u00f3 que en Sin Filtros le responder\u00eda al periodista deportivo y, de paso, revel\u00f3 que lo buscar\u00eda personalmente, aprovechando que Guarello tambi\u00e9n trabaja en dicho medio de comunicaci\u00f3n, para hablar y explicarle qu\u00e9 es el fascismo.<\/p>\n<p>\u201cMe molesta tu mentira\u201d<\/p>\n<p>Foto: Javier Torres\/Aton Chile JAVIER TORRES \/ ATON CHILE<br \/>\nYa en Sin Filtros coment\u00f3 lo siguiente: \u201cLo primero que te quiero decir, Juan Crist\u00f3bal, es que te quiero invitar a debatir, que creo corresponde\u201d, parti\u00f3.<\/p>\n<p>Tras eso, indic\u00f3 que este debate podr\u00eda ser en la radio o en Sin Filtros. \u201cPorque eso, Juan Crist\u00f3bal, te lo voy a decir en t\u00e9rminos coloquiales, populares, como te gusta a ti, de pueblo: andar tirando la pel\u00e1 en un programa donde no hay derecho a r\u00e9plica no corresponde, y tampoco corresponde mentir. Te invito ac\u00e1 a Sin Filtros, pero sin show, sin pataletas, sin pararse, sin abandonar el set, sin enojarse. Hablar de filosof\u00eda pol\u00edtica\u201d, a\u00f1adi\u00f3.<\/p>\n<p>En segundo lugar, enfatiz\u00f3 que ratifica sus dichos contra el \u201cRey del metro cuadrado\u201d, ya que, seg\u00fan \u00e9l, llamar a Jos\u00e9 Antonio Kast fascista es \u201cuna ignorancia tremenda\u201d.<\/p>\n<p>\u201cMe molesta tu mentira, Juan Crist\u00f3bal, me molesta que en tu programa hagas referencia a desconocer la historia de Carlos Caszely. Yo en ning\u00fan momento desconoc\u00ed su historia, yo no podr\u00eda jugar con el dolor de una persona, yo no me podr\u00eda referir a los problemas personales que tiene alguien en la historia de este pa\u00eds. Me parece que ser\u00eda de maleducado hasta inhumano\u201d, plante\u00f3.<\/p>\n<p>Asegur\u00f3 que lo suyo solo fue una cr\u00edtica pol\u00edtica y que no aceptar\u00e1 que le digan que falt\u00f3 el respeto. Bajo esta misma l\u00ednea, el panelista nombr\u00f3 la actitud de \u201cKing Kong\u201d como de \u201cl\u00edder de una barra brava\u201d.<\/p>\n<p>Seg\u00fan Pancho Orrego, desde que Juan Crist\u00f3bal lanz\u00f3 su video le han llegado m\u00e1s de 30 amenazas de muerte y golpizas.<\/p>\n<p>\u201cSi te gusta entrar al tono de la pol\u00edtica, debes aceptar que no todos van a pensar como t\u00fa, tienes que aceptar que hay visiones distintas, tienes que aceptar la cr\u00edtica dura, porque eso es lo que corresponde: no incitar el odio, no incitar la violencia. Te lo quiero decir finalmente: yo sal\u00ed a defender no a un candidato presidencial, porque mi candidata no es Jos\u00e9 Antonio, sino Evelyn Matthei. Lo hago porque estoy cansado de que a la gente que somos de derecha y creemos en la libertad nos tilden de fascistas, porque no lo somos, no lo hemos sido y nunca lo seremos. Creemos en la libertad, creemos en la dignidad y creemos en la vida\u201d, indic\u00f3.<\/p>\n<p>Para concluir, extendi\u00f3 nuevamente una invitaci\u00f3n a debatir, incluso yendo a La Hora de King Kong<br \/>\nhttps:\/\/www.lacuarta.com\/chile\/noticia\/me-molesta-tu-mentira-juan-cristobal-francisco-orrego-respondio-a-guarello-y-lo-invito-a-debatir\/<br \/>\nFUENTE. LA CUARTA.COM<br \/>\nMEDIO DE DIFUSION, SIN FIN DE LUCRO ALGUNO <\/p>\n","protected":false},"excerpt":{"rendered":"<p>Declaraciones cruzadas han protagonizado Juan Crist\u00f3bal Guarello y Francisco Orrego en distintas plataformas. Este lunes 12 de agosto, en Sin Filtros, el ex candidato a gobernador tuvo su derecho a r\u00e9plica. Todo comenz\u00f3 porque el abogado derechista calific\u00f3 de \u201cignorante\u201d a Carlos Caszely, este \u00faltimo quien, en entrevista con Plan Perfecto de CHV, reflexion\u00f3 y [&hellip;]<\/p>\n","protected":false},"author":51,"featured_media":0,"comment_status":"open","ping_status":"open","sticky":false,"template":"","format":"standard","meta":{"footnotes":""},"categories":[9,5,16,1,31,11],"tags":[205,1628,1243],"class_list":["post-29464","post","type-post","status-publish","format-standard","hentry","category-educacion","category-internacional","category-nacional","category-uncategorized","category-salud","category-tendencias","tag-chile","tag-uncategorized","tag-sin-filtros"],"_links":{"self":[{"href":"https:\/\/www.lanuevaopcion.cl\/index.php?rest_route=\/wp\/v2\/posts\/29464","targetHints":{"allow":["GET"]}}],"collection":[{"href":"https:\/\/www.lanuevaopcion.cl\/index.php?rest_route=\/wp\/v2\/posts"}],"about":[{"href":"https:\/\/www.lanuevaopcion.cl\/index.php?rest_route=\/wp\/v2\/types\/post"}],"author":[{"embeddable":true,"href":"https:\/\/www.lanuevaopcion.cl\/index.php?rest_route=\/wp\/v2\/users\/51"}],"replies":[{"embeddable":true,"href":"https:\/\/www.lanuevaopcion.cl\/index.php?rest_route=%2Fwp%2Fv2%2Fcomments&post=29464"}],"version-history":[{"count":1,"href":"https:\/\/www.lanuevaopcion.cl\/index.php?rest_route=\/wp\/v2\/posts\/29464\/revisions"}],"predecessor-version":[{"id":29465,"href":"https:\/\/www.lanuevaopcion.cl\/index.php?rest_route=\/wp\/v2\/posts\/29464\/revisions\/29465"}],"wp:attachment":[{"href":"https:\/\/www.lanuevaopcion.cl\/index.php?rest_route=%2Fwp%2Fv2%2Fmedia&parent=29464"}],"wp:term":[{"taxonomy":"category","embeddable":true,"href":"https:\/\/www.lanuevaopcion.cl\/index.php?rest_route=%2Fwp%2Fv2%2Fcategories&post=29464"},{"taxonomy":"post_tag","embeddable":true,"href":"https:\/\/www.lanuevaopcion.cl\/index.php?rest_route=%2Fwp%2Fv2%2Ftags&post=29464"}],"curies":[{"name":"wp","href":"https:\/\/api.w.org\/{rel}","templated":true}]}}