{"id":29276,"date":"2025-04-25T10:01:06","date_gmt":"2025-04-25T10:01:06","guid":{"rendered":"http:\/\/www.lanuevaopcion.cl\/?p=29276"},"modified":"2025-04-25T10:01:06","modified_gmt":"2025-04-25T10:01:06","slug":"balean-en-5-ocasiones-a-profesor-de-karate-cuando-daba-clases-a-ninos-en-calera-de-tango","status":"publish","type":"post","link":"https:\/\/www.lanuevaopcion.cl\/?p=29276","title":{"rendered":"Balean en 5 ocasiones a profesor de karate cuando daba clases a ni\u00f1os en Calera de Tango"},"content":{"rendered":"<p><img loading=\"lazy\" decoding=\"async\"  alt=\"\" src=\"https:\/\/www.lacuarta.com\/resizer\/v2\/FBP4WCB7CZF3VK5RL5ODP27XDQ.jpg?quality=75&#038;smart=true&#038;auth=f774e92231f9ee47383be286deabb937c24bd13b8c2ba03e5f1d50c9215339cc&#038;width=360&#038;height=180\" class=\"alignleft\" width=\"360\" height=\"180\" \/ class=\"alignleft\" style=\"margin-right:15px;margin-bottom:10px;float:left;\" ><br \/>\nUn profesor de k\u00e1rate fue baleado en el menos 5 ocasiones la tarde de este jueves, cuando dictaba una clase de artes marciales a cerca de 10 ni\u00f1os en el gimnasio municipal de Calera de Tango.<\/p>\n<p>Seg\u00fan las primeras informaciones, un desconocido ingres\u00f3 hasta al recinto municipal y pregunt\u00f3 por la v\u00edctima, para luego efectuar 5 tiros, en presidencia de 10 alumnos de entre 12 a 17 a\u00f1os y dos apoderados.<br \/>\n<!--more--><br \/>\nLa alcaldesa de la comuna, Patricia Tomic Figueroa\u200b, inform\u00f3 a la prensa sobre el acto delictivo, informando que el artista marcial se encuentra en estado cr\u00edtico en un centro de salud.<\/p>\n<p>\u201cNuestro profesor hac\u00eda clases y entr\u00f3 una persona desconocida y bale\u00f3 a nuestro profesor\u201d, indic\u00f3 la autoridad comunal.<\/p>\n<p>Las balas impactaron al profesor en ambas piernas, el t\u00f3rax, por lo que fue trasladado de urgencia al Hospital de San Bernardo, donde se encuentro en riesgo vital y bajo pron\u00f3stico reservado.<\/p>\n<p>\u201cLa Municipalidad de Calera de Tango manifiesta su total indignaci\u00f3n por el hecho ocurrido, tanto por la agresi\u00f3n al profesor, as\u00ed como el gran riesgo que signific\u00f3 para los ni\u00f1os, j\u00f3venes y apoderados que presenciaron esta cobarde acci\u00f3n delictual en la que pudieron haber sido v\u00edctimas\u201d, indic\u00f3 la autoridad comunal en un comunicado.<\/p>\n<p>Sobre el sospechoso, tras disparar escap\u00f3 del lugar con destino desconocido, pese a que uno de los alumnos habr\u00eda intentado retenerlo.<\/p>\n<p>En tanto, Fiscal\u00eda instruy\u00f3 a la PDI realizar las diligencias de rigor, para dar con el paradero del autor de los disparos.<\/p>\n<p>\u201cFiscal\u00eda con la PDI se trasladaron a Calera de Tango porque en el gimnasio municipal de la comuna un hombre adulto chileno recibi\u00f3 m\u00faltiples impactos de bala mientras impart\u00eda clases de karate, y est\u00e1 en riesgo vital en el Hospital Parroquial de San Bernardo\u201d, indic\u00f3 el Ministerio P\u00fablico en su cuenta de X.<br \/>\nhttps:\/\/www.lacuarta.com\/chile\/noticia\/balean-en-5-ocasiones-a-profesor-de-karate-cuando-daba-clases-a-ninos-en-calera-de-tango\/<br \/>\nFUENTE. LA CUARTA.COM<br \/>\nMEDIO DE DIFUSION , SIN FIN DE LUCRO ALGUNO <\/p>\n","protected":false},"excerpt":{"rendered":"<p>Un profesor de k\u00e1rate fue baleado en el menos 5 ocasiones la tarde de este jueves, cuando dictaba una clase de artes marciales a cerca de 10 ni\u00f1os en el gimnasio municipal de Calera de Tango. Seg\u00fan las primeras informaciones, un desconocido ingres\u00f3 hasta al recinto municipal y pregunt\u00f3 por la v\u00edctima, para luego efectuar [&hellip;]<\/p>\n","protected":false},"author":51,"featured_media":0,"comment_status":"open","ping_status":"open","sticky":false,"template":"","format":"standard","meta":{"footnotes":""},"categories":[8,16],"tags":[1504,93,1637,35],"class_list":["post-29276","post","type-post","status-publish","format-standard","hentry","category-cultura","category-nacional","tag-karate","tag-pais","tag-policial","tag-regiones"],"_links":{"self":[{"href":"https:\/\/www.lanuevaopcion.cl\/index.php?rest_route=\/wp\/v2\/posts\/29276","targetHints":{"allow":["GET"]}}],"collection":[{"href":"https:\/\/www.lanuevaopcion.cl\/index.php?rest_route=\/wp\/v2\/posts"}],"about":[{"href":"https:\/\/www.lanuevaopcion.cl\/index.php?rest_route=\/wp\/v2\/types\/post"}],"author":[{"embeddable":true,"href":"https:\/\/www.lanuevaopcion.cl\/index.php?rest_route=\/wp\/v2\/users\/51"}],"replies":[{"embeddable":true,"href":"https:\/\/www.lanuevaopcion.cl\/index.php?rest_route=%2Fwp%2Fv2%2Fcomments&post=29276"}],"version-history":[{"count":1,"href":"https:\/\/www.lanuevaopcion.cl\/index.php?rest_route=\/wp\/v2\/posts\/29276\/revisions"}],"predecessor-version":[{"id":29277,"href":"https:\/\/www.lanuevaopcion.cl\/index.php?rest_route=\/wp\/v2\/posts\/29276\/revisions\/29277"}],"wp:attachment":[{"href":"https:\/\/www.lanuevaopcion.cl\/index.php?rest_route=%2Fwp%2Fv2%2Fmedia&parent=29276"}],"wp:term":[{"taxonomy":"category","embeddable":true,"href":"https:\/\/www.lanuevaopcion.cl\/index.php?rest_route=%2Fwp%2Fv2%2Fcategories&post=29276"},{"taxonomy":"post_tag","embeddable":true,"href":"https:\/\/www.lanuevaopcion.cl\/index.php?rest_route=%2Fwp%2Fv2%2Ftags&post=29276"}],"curies":[{"name":"wp","href":"https:\/\/api.w.org\/{rel}","templated":true}]}}