{"id":29274,"date":"2025-04-24T10:45:39","date_gmt":"2025-04-24T10:45:39","guid":{"rendered":"http:\/\/www.lanuevaopcion.cl\/?p=29274"},"modified":"2025-04-24T10:45:39","modified_gmt":"2025-04-24T10:45:39","slug":"la-ironica-respuesta-de-laura-landaeta-tras-querella-de-lola-melnyck-por-injurias-graves-%e2%80%9cante-la-insistencia-de-los-colegas%e2%80%9d","status":"publish","type":"post","link":"https:\/\/www.lanuevaopcion.cl\/?p=29274","title":{"rendered":"La ir\u00f3nica respuesta de Laura Landaeta tras querella de Lola Melnyck por injurias graves: \u201cAnte la insistencia de los colegas&#8230;\u201d"},"content":{"rendered":"<p><img loading=\"lazy\" decoding=\"async\"  alt=\"\" src=\"https:\/\/www.lacuarta.com\/resizer\/v2\/RCHYM5FZHJHAPGHVZFT6Z2TINQ.png?quality=75&#038;smart=true&#038;auth=057d88cc4fa34b68522360c54717ad846f049787d14aafa02598244edff9d8b1&#038;width=360&#038;height=180\" class=\"alignleft\" width=\"360\" height=\"180\" \/ class=\"alignleft\" style=\"margin-right:15px;margin-bottom:10px;float:left;\" ><br \/>\nAtrav\u00e9s de un mensaje en Instagram, Laura Landaeta reaccion\u00f3 a la querella interpuesta por Lola Melnyck por injurias graves en su contra.<\/p>\n<p>Y es que ayer se realiz\u00f3 la primera audiencia a la que ambas asistieron y que fue pospuesta para el 16 de junio. Sin embargo, la reportera no habl\u00f3 con la prensa a la salida del encuentro<\/p>\n<p>Fue as\u00ed que opt\u00f3 por usar la iron\u00eda para referirse a la situaci\u00f3n que enfrenta, seg\u00fan consign\u00f3 Publimetro.<br \/>\n<!--more--><br \/>\n\u201cAnte la insistencia de los colegas para que hable sobre el juicio en curso, solo puedo decir una cosa&#8230;\u201d, escribi\u00f3 en una storie junto a una imagen de una receta de ajiaco chileno.<br \/>\nhttps:\/\/www.lacuarta.com\/espectaculos\/noticia\/la-ironica-respuesta-de-laura-landaeta-tras-querella-de-lola-melnyck-por-injurias-graves-ante-la-insistencia-de-los-colegas\/#<br \/>\nFUENTE. LA CUARTA.COM<br \/>\nMEDIO DE DIFUSION, SIN FIN DE LUCRO ALGUNO<\/p>\n","protected":false},"excerpt":{"rendered":"<p>Atrav\u00e9s de un mensaje en Instagram, Laura Landaeta reaccion\u00f3 a la querella interpuesta por Lola Melnyck por injurias graves en su contra. Y es que ayer se realiz\u00f3 la primera audiencia a la que ambas asistieron y que fue pospuesta para el 16 de junio. Sin embargo, la reportera no habl\u00f3 con la prensa a [&hellip;]<\/p>\n","protected":false},"author":51,"featured_media":0,"comment_status":"open","ping_status":"open","sticky":false,"template":"","format":"standard","meta":{"footnotes":""},"categories":[8,16,11],"tags":[138,137,116],"class_list":["post-29274","post","type-post","status-publish","format-standard","hentry","category-cultura","category-nacional","category-tendencias","tag-espectaculo","tag-tribunales","tag-tv"],"_links":{"self":[{"href":"https:\/\/www.lanuevaopcion.cl\/index.php?rest_route=\/wp\/v2\/posts\/29274","targetHints":{"allow":["GET"]}}],"collection":[{"href":"https:\/\/www.lanuevaopcion.cl\/index.php?rest_route=\/wp\/v2\/posts"}],"about":[{"href":"https:\/\/www.lanuevaopcion.cl\/index.php?rest_route=\/wp\/v2\/types\/post"}],"author":[{"embeddable":true,"href":"https:\/\/www.lanuevaopcion.cl\/index.php?rest_route=\/wp\/v2\/users\/51"}],"replies":[{"embeddable":true,"href":"https:\/\/www.lanuevaopcion.cl\/index.php?rest_route=%2Fwp%2Fv2%2Fcomments&post=29274"}],"version-history":[{"count":1,"href":"https:\/\/www.lanuevaopcion.cl\/index.php?rest_route=\/wp\/v2\/posts\/29274\/revisions"}],"predecessor-version":[{"id":29275,"href":"https:\/\/www.lanuevaopcion.cl\/index.php?rest_route=\/wp\/v2\/posts\/29274\/revisions\/29275"}],"wp:attachment":[{"href":"https:\/\/www.lanuevaopcion.cl\/index.php?rest_route=%2Fwp%2Fv2%2Fmedia&parent=29274"}],"wp:term":[{"taxonomy":"category","embeddable":true,"href":"https:\/\/www.lanuevaopcion.cl\/index.php?rest_route=%2Fwp%2Fv2%2Fcategories&post=29274"},{"taxonomy":"post_tag","embeddable":true,"href":"https:\/\/www.lanuevaopcion.cl\/index.php?rest_route=%2Fwp%2Fv2%2Ftags&post=29274"}],"curies":[{"name":"wp","href":"https:\/\/api.w.org\/{rel}","templated":true}]}}