{"id":29272,"date":"2025-04-23T02:21:32","date_gmt":"2025-04-23T02:21:32","guid":{"rendered":"http:\/\/www.lanuevaopcion.cl\/?p=29272"},"modified":"2025-04-23T02:21:32","modified_gmt":"2025-04-23T02:21:32","slug":"%e2%80%9chay-un-error-ahi%e2%80%9d-la-advertencia-de-julio-cesar-rodriguez-tras-ser-citado-a-juicio-de-lola-melnyck","status":"publish","type":"post","link":"https:\/\/www.lanuevaopcion.cl\/?p=29272","title":{"rendered":"\u201cHay un error ah\u00ed\u201d: La advertencia de Julio C\u00e9sar Rodr\u00edguez tras ser citado a juicio de Lola Melnyck"},"content":{"rendered":"<p><img loading=\"lazy\" decoding=\"async\"  alt=\"\" src=\"https:\/\/www.lacuarta.com\/resizer\/v2\/IGUDL7YO5NGU7CXXMFIDFOS4KQ.jpg?quality=75&#038;smart=true&#038;auth=145ea8253198a858a62085e5cefc6302ba21ac7ed015c4904dd7c93d9dcfea07&#038;width=360&#038;height=180\" class=\"alignleft\" width=\"360\" height=\"180\" \/ class=\"alignleft\" style=\"margin-right:15px;margin-bottom:10px;float:left;\" ><br \/>\nAdvirtiendo sobre una posible \u201cconfusi\u00f3n\u201d, Julio C\u00e9sar Rodr\u00edguez confirm\u00f3 que fue citado a declarar como testigo en el juicio que inici\u00f3 Lola Melnyck en contra de la periodista Laura Landaeta.<\/p>\n<p>La modelo de origen ucraniano decidi\u00f3 querellarse en contra de Landaeta por recientes declaraciones en un porgrama de TV y un podcast, donde la tilda de \u201cescort\u201d y la vincula a supuestas estafas.<br \/>\n<!--more--><br \/>\nLa reacci\u00f3n de Kike Morand\u00e9 ante pol\u00e9mica reaparici\u00f3n de Lola Melnyck, su ex diva: tom\u00f3 distancia pero le dej\u00f3 un recado<br \/>\nLeer M\u00e1s<br \/>\nLas afirmaciones sobre un presunto pasado como trabajadora sexual aparecieron primero en un reportaje de 2004 y tal como se indic\u00f3 en aquella \u00e9poca, la exMorand\u00e9 con Compa\u00f1\u00eda advierte que Landaeta no ha exhibido prueba alguna y por eso, quiere cerrar el asunto en tribunales.<\/p>\n<p>Aquel antiguo reportaje fue publicado por la periodista en el extinto diario La Naci\u00f3n Domingo, del cual JC Rodr\u00edguez fue uno de sus directores. Se presume que por eso fue citado, pero el animador de Chilevisi\u00f3n asegur\u00f3 que ya no estaba en el peri\u00f3dico.<\/p>\n<p>Qu\u00e9 dijo Julio C\u00e9sar Rodr\u00edguez<br \/>\nSeg\u00fan los registros, JC dej\u00f3 el diario en enero de 2003 y el reportaje sali\u00f3 en julio de 2004.<\/p>\n<p>\u201cNo tengo idea por qu\u00e9 me citaron. Hay un error ah\u00ed, porque este reportaje fue realizado en La Naci\u00f3n Domingo un a\u00f1o y medio despu\u00e9s que yo dej\u00e9 ser director. Entonces hay un problema brutal con la&#8230; Nunca he entendido mucho por qu\u00e9 estoy citado, pero bueno\u201d, explic\u00f3 Rodr\u00edguez al programa Hay Que Decirlo (Canal 13).<\/p>\n<p>\u201cEstamos hablando de 15 a\u00f1os atr\u00e1s. Creo que hay una confusi\u00f3n porque yo me fui y el diario sigui\u00f3 con otros responsables\u201d, agreg\u00f3.<\/p>\n<p>De todos modos, Julio C\u00e9sar confirm\u00f3 que concurrir\u00e1 a declarar en la audiencia que qued\u00f3 fijada para junio pr\u00f3ximo. \u201cTengo que ir, es un deber c\u00edvico que tenemos los ciudadanos\u201d, indic\u00f3.<br \/>\nhttps:\/\/www.lacuarta.com\/espectaculos\/noticia\/hay-un-error-ahi-la-advertencia-de-julio-cesar-rodriguez-tras-ser-citado-a-juicio-de-lola-melnyck\/<br \/>\nFUENTE. LA CUARTA.COM<br \/>\nMEDIO DE DIFUSION, SIN FIN DE LUCRO ALGUNO <\/p>\n","protected":false},"excerpt":{"rendered":"<p>Advirtiendo sobre una posible \u201cconfusi\u00f3n\u201d, Julio C\u00e9sar Rodr\u00edguez confirm\u00f3 que fue citado a declarar como testigo en el juicio que inici\u00f3 Lola Melnyck en contra de la periodista Laura Landaeta. La modelo de origen ucraniano decidi\u00f3 querellarse en contra de Landaeta por recientes declaraciones en un porgrama de TV y un podcast, donde la tilda [&hellip;]<\/p>\n","protected":false},"author":51,"featured_media":0,"comment_status":"open","ping_status":"open","sticky":false,"template":"","format":"standard","meta":{"footnotes":""},"categories":[8,16,31,11],"tags":[138,137,116],"class_list":["post-29272","post","type-post","status-publish","format-standard","hentry","category-cultura","category-nacional","category-salud","category-tendencias","tag-espectaculo","tag-tribunales","tag-tv"],"_links":{"self":[{"href":"https:\/\/www.lanuevaopcion.cl\/index.php?rest_route=\/wp\/v2\/posts\/29272","targetHints":{"allow":["GET"]}}],"collection":[{"href":"https:\/\/www.lanuevaopcion.cl\/index.php?rest_route=\/wp\/v2\/posts"}],"about":[{"href":"https:\/\/www.lanuevaopcion.cl\/index.php?rest_route=\/wp\/v2\/types\/post"}],"author":[{"embeddable":true,"href":"https:\/\/www.lanuevaopcion.cl\/index.php?rest_route=\/wp\/v2\/users\/51"}],"replies":[{"embeddable":true,"href":"https:\/\/www.lanuevaopcion.cl\/index.php?rest_route=%2Fwp%2Fv2%2Fcomments&post=29272"}],"version-history":[{"count":1,"href":"https:\/\/www.lanuevaopcion.cl\/index.php?rest_route=\/wp\/v2\/posts\/29272\/revisions"}],"predecessor-version":[{"id":29273,"href":"https:\/\/www.lanuevaopcion.cl\/index.php?rest_route=\/wp\/v2\/posts\/29272\/revisions\/29273"}],"wp:attachment":[{"href":"https:\/\/www.lanuevaopcion.cl\/index.php?rest_route=%2Fwp%2Fv2%2Fmedia&parent=29272"}],"wp:term":[{"taxonomy":"category","embeddable":true,"href":"https:\/\/www.lanuevaopcion.cl\/index.php?rest_route=%2Fwp%2Fv2%2Fcategories&post=29272"},{"taxonomy":"post_tag","embeddable":true,"href":"https:\/\/www.lanuevaopcion.cl\/index.php?rest_route=%2Fwp%2Fv2%2Ftags&post=29272"}],"curies":[{"name":"wp","href":"https:\/\/api.w.org\/{rel}","templated":true}]}}