{"id":8760,"date":"2010-05-31T09:51:25","date_gmt":"2010-05-31T12:51:25","guid":{"rendered":"http:\/\/www.lanuevaopcion.cl\/?p=8760"},"modified":"2010-05-31T09:51:25","modified_gmt":"2010-05-31T12:51:25","slug":"carolina-toha-%e2%80%9cen-democracia-no-solo-se-compite-tambien-se-suma%e2%80%9d","status":"publish","type":"post","link":"http:\/\/www.lanuevaopcion.cl\/?p=8760","title":{"rendered":"Carolina Toh\u00e1: \u201cEn democracia, no s\u00f3lo se compite, tambi\u00e9n se suma\u201d"},"content":{"rendered":"<p><img loading=\"lazy\" decoding=\"async\"  alt=\"\" src=\"http:\/\/www.lanacion.cl\/noticias\/site\/artic\/20100530\/imag\/foto_0120100530204422.jpg\" class=\"alignleft\" width=\"335\" height=\"210\" \/ class=\"alignleft\" style=\"margin-right:15px;margin-bottom:10px;float:left;\" >La nueva presidenta del PPD tendr\u00e1 un rol protag\u00f3nico en las dos tareas m\u00e1s dif\u00edciles que la Concertaci\u00f3n enfrentar\u00e1 en el pr\u00f3ximo per\u00edodo: definir su pol\u00edtica de alianzas para recuperar el electorado perdido y elaborar una estrategia eficiente para las elecciones municipales de 2012. En la interna, la ex portavoz de gobierno incorporar\u00e1 la web y todas las redes sociales en la relaci\u00f3n del PPD con la ciudadan\u00eda y en sus comunicaciones internas. \u201cEl PPD -se\u00f1ala- tiene que ser un partido que no se limite a tener una identidad parlamentaria, sino que debe poner mucho m\u00e1s acento en su identidad territorial en sus l\u00edderes locales, en sus alcaldes y concejales\u201d. FUENTE. LA NACION.CL \/ Leer toda la nota en el sgte Link:http:\/\/www.lanacion.cl\/carolina-toha-en-democracia-no-solo-se-compite-tambien-se-suma-\/noticias\/2010-05-30\/204422.html<\/p>\n","protected":false},"excerpt":{"rendered":"<p>La nueva presidenta del PPD tendr\u00e1 un rol protag\u00f3nico en las dos tareas m\u00e1s dif\u00edciles que la Concertaci\u00f3n enfrentar\u00e1 en el pr\u00f3ximo per\u00edodo: definir su pol\u00edtica de alianzas para recuperar el electorado perdido y elaborar una estrategia eficiente para las elecciones municipales de 2012. En la interna, la ex portavoz de gobierno incorporar\u00e1 la web [&hellip;]<\/p>\n","protected":false},"author":1,"featured_media":0,"comment_status":"open","ping_status":"open","sticky":false,"template":"","format":"standard","meta":{"footnotes":""},"categories":[16],"tags":[1635,1628],"class_list":["post-8760","post","type-post","status-publish","format-standard","hentry","category-nacional","tag-nacional","tag-uncategorized"],"_links":{"self":[{"href":"http:\/\/www.lanuevaopcion.cl\/index.php?rest_route=\/wp\/v2\/posts\/8760","targetHints":{"allow":["GET"]}}],"collection":[{"href":"http:\/\/www.lanuevaopcion.cl\/index.php?rest_route=\/wp\/v2\/posts"}],"about":[{"href":"http:\/\/www.lanuevaopcion.cl\/index.php?rest_route=\/wp\/v2\/types\/post"}],"author":[{"embeddable":true,"href":"http:\/\/www.lanuevaopcion.cl\/index.php?rest_route=\/wp\/v2\/users\/1"}],"replies":[{"embeddable":true,"href":"http:\/\/www.lanuevaopcion.cl\/index.php?rest_route=%2Fwp%2Fv2%2Fcomments&post=8760"}],"version-history":[{"count":1,"href":"http:\/\/www.lanuevaopcion.cl\/index.php?rest_route=\/wp\/v2\/posts\/8760\/revisions"}],"predecessor-version":[{"id":8761,"href":"http:\/\/www.lanuevaopcion.cl\/index.php?rest_route=\/wp\/v2\/posts\/8760\/revisions\/8761"}],"wp:attachment":[{"href":"http:\/\/www.lanuevaopcion.cl\/index.php?rest_route=%2Fwp%2Fv2%2Fmedia&parent=8760"}],"wp:term":[{"taxonomy":"category","embeddable":true,"href":"http:\/\/www.lanuevaopcion.cl\/index.php?rest_route=%2Fwp%2Fv2%2Fcategories&post=8760"},{"taxonomy":"post_tag","embeddable":true,"href":"http:\/\/www.lanuevaopcion.cl\/index.php?rest_route=%2Fwp%2Fv2%2Ftags&post=8760"}],"curies":[{"name":"wp","href":"https:\/\/api.w.org\/{rel}","templated":true}]}}