{"id":8752,"date":"2010-05-30T15:32:42","date_gmt":"2010-05-30T18:32:42","guid":{"rendered":"http:\/\/www.lanuevaopcion.cl\/?p=8752"},"modified":"2010-05-30T15:32:42","modified_gmt":"2010-05-30T18:32:42","slug":"gobierno-investiga-participacion-anarquista-en-bombazo-a-iglesia","status":"publish","type":"post","link":"http:\/\/www.lanuevaopcion.cl\/?p=8752","title":{"rendered":"Gobierno investiga participaci\u00f3n anarquista en bombazo a iglesia"},"content":{"rendered":"<p><img loading=\"lazy\" decoding=\"async\"  alt=\"\" src=\"http:\/\/www.terra.cl\/images\/julio2009\/F725992_hinzpeter330.jpg\" class=\"alignleft\" width=\"330\" height=\"260\" \/ class=\"alignleft\" style=\"margin-right:15px;margin-bottom:10px;float:left;\" >Antecedentes de la posible participaci\u00f3n de movimientos anarquistas habr\u00edan surgido en torno al bombazo registrado ayer en la iglesia Inmaculada Concepci\u00f3n, en la zona oriente de la capital. As\u00ed lo dio a conocer el ministro del Interior, Rodrigo Hinzpeter, quien relat\u00f3 que \u201chubo un llamado telef\u00f3nico que reclamaba que se estaba haciendo para conmemorar la muerte de un anarquista que le explot\u00f3 hace dos a\u00f1os aproximadamente una bomba, que es Mauricio Morales, y nosotros vamos a investigar\u00bb. Lo cierto es que Mauricio Morales muri\u00f3 en mayo de 2009, cuando ten\u00eda 27 a\u00f1os, al estallar el aparato que transportaba en su mochila cuando se desplazaba en bicicleta en las cercan\u00edas de la Escuela de Gendarmer\u00eda, en Santiago. FUENTE. LA NACION.CL \/ Leer toda la nota en el sgte Link:http:\/\/www.lanacion.cl\/gobierno-investiga-participacion-anarquista-en-bombazo-a-iglesia\/noticias\/2010-05-30\/131533.html<\/p>\n","protected":false},"excerpt":{"rendered":"<p>Antecedentes de la posible participaci\u00f3n de movimientos anarquistas habr\u00edan surgido en torno al bombazo registrado ayer en la iglesia Inmaculada Concepci\u00f3n, en la zona oriente de la capital. As\u00ed lo dio a conocer el ministro del Interior, Rodrigo Hinzpeter, quien relat\u00f3 que \u201chubo un llamado telef\u00f3nico que reclamaba que se estaba haciendo para conmemorar la [&hellip;]<\/p>\n","protected":false},"author":1,"featured_media":0,"comment_status":"open","ping_status":"open","sticky":false,"template":"","format":"standard","meta":{"footnotes":""},"categories":[16],"tags":[25,1635],"class_list":["post-8752","post","type-post","status-publish","format-standard","hentry","category-nacional","tag-delincuencia","tag-nacional"],"_links":{"self":[{"href":"http:\/\/www.lanuevaopcion.cl\/index.php?rest_route=\/wp\/v2\/posts\/8752","targetHints":{"allow":["GET"]}}],"collection":[{"href":"http:\/\/www.lanuevaopcion.cl\/index.php?rest_route=\/wp\/v2\/posts"}],"about":[{"href":"http:\/\/www.lanuevaopcion.cl\/index.php?rest_route=\/wp\/v2\/types\/post"}],"author":[{"embeddable":true,"href":"http:\/\/www.lanuevaopcion.cl\/index.php?rest_route=\/wp\/v2\/users\/1"}],"replies":[{"embeddable":true,"href":"http:\/\/www.lanuevaopcion.cl\/index.php?rest_route=%2Fwp%2Fv2%2Fcomments&post=8752"}],"version-history":[{"count":1,"href":"http:\/\/www.lanuevaopcion.cl\/index.php?rest_route=\/wp\/v2\/posts\/8752\/revisions"}],"predecessor-version":[{"id":8753,"href":"http:\/\/www.lanuevaopcion.cl\/index.php?rest_route=\/wp\/v2\/posts\/8752\/revisions\/8753"}],"wp:attachment":[{"href":"http:\/\/www.lanuevaopcion.cl\/index.php?rest_route=%2Fwp%2Fv2%2Fmedia&parent=8752"}],"wp:term":[{"taxonomy":"category","embeddable":true,"href":"http:\/\/www.lanuevaopcion.cl\/index.php?rest_route=%2Fwp%2Fv2%2Fcategories&post=8752"},{"taxonomy":"post_tag","embeddable":true,"href":"http:\/\/www.lanuevaopcion.cl\/index.php?rest_route=%2Fwp%2Fv2%2Ftags&post=8752"}],"curies":[{"name":"wp","href":"https:\/\/api.w.org\/{rel}","templated":true}]}}