{"id":8741,"date":"2010-05-28T16:51:31","date_gmt":"2010-05-28T19:51:31","guid":{"rendered":"http:\/\/www.lanuevaopcion.cl\/?p=8741"},"modified":"2010-05-28T16:52:13","modified_gmt":"2010-05-28T19:52:13","slug":"carolina-plaza-apela-a-la-%e2%80%9ccristiandad%e2%80%9d-de-lavin","status":"publish","type":"post","link":"http:\/\/www.lanuevaopcion.cl\/?p=8741","title":{"rendered":"Carolina Plaza apela a la \u201ccristiandad\u201d de Lav\u00edn"},"content":{"rendered":"<p><img loading=\"lazy\" decoding=\"async\"  alt=\"\" src=\"http:\/\/www.glamorama.cl\/showjpg\/0,,1_341655125_244,00.jpg\" class=\"alignleft\" width=\"244\" height=\"372\" \/ class=\"alignleft\" style=\"margin-right:15px;margin-bottom:10px;float:left;\" >La alcaldesa de Huechuraba Carolina Plaza asegur\u00f3 que a\u00fan est\u00e1 a la espera de las disculpas p\u00fablicas del ahora ministro de Educaci\u00f3n Joaqu\u00edn Lav\u00edn con quien en 2008 protagoniz\u00f3 un duro impasse luego que \u00e9ste hablara de corrupci\u00f3n en la comuna. \u00abEstamos esperando que se compense el da\u00f1o causado y se den las disculpas p\u00fablicas\u201d, dijo la alcaldesa, correligionaria de Lav\u00edn en la UDI, y a quien tiene demandado por m\u00e1s de dos mil millones de pesos. El caso se remonta a 2008, cuando Lav\u00edn hizo una cerrada defensa de su yerno Isaac Givovich, en la pol\u00e9mica que manten\u00eda con la edil por el caso GMA. De esa \u00e9poca, datan sus dichos respecto a que \u201clamentablemente mi yerno descubri\u00f3 que la corrupci\u00f3n no s\u00f3lo es patrimonio de la Concertaci\u00f3n y que tambi\u00e9n hay corrupci\u00f3n en municipios de la UDI\u201d., Hoy, Plaza volvi\u00f3 a emplazar a Lav\u00edn a dar disculpas p\u00fablicas. \u201cTengo esperanzas que eso suceda, (estamos) frente a una persona que hoy tiene un alto cargo y que siento tiene la cristiandad para reconocer que se equivoc\u00f3\u201d, dijo la edil. El proceso est\u00e1 radicado en el 16 Juzgado Civil de Santiago, que esta semana determin\u00f3 que el ministro deber\u00e1 prestar declaraci\u00f3n en este caso y adem\u00e1s ampli\u00f3 en 6 meses la investigaci\u00f3n.FUENTE. LA NACION.CL <\/p>\n","protected":false},"excerpt":{"rendered":"<p>La alcaldesa de Huechuraba Carolina Plaza asegur\u00f3 que a\u00fan est\u00e1 a la espera de las disculpas p\u00fablicas del ahora ministro de Educaci\u00f3n Joaqu\u00edn Lav\u00edn con quien en 2008 protagoniz\u00f3 un duro impasse luego que \u00e9ste hablara de corrupci\u00f3n en la comuna. \u00abEstamos esperando que se compense el da\u00f1o causado y se den las disculpas p\u00fablicas\u201d, [&hellip;]<\/p>\n","protected":false},"author":1,"featured_media":0,"comment_status":"open","ping_status":"open","sticky":false,"template":"","format":"standard","meta":{"footnotes":""},"categories":[16],"tags":[1635,1628],"class_list":["post-8741","post","type-post","status-publish","format-standard","hentry","category-nacional","tag-nacional","tag-uncategorized"],"_links":{"self":[{"href":"http:\/\/www.lanuevaopcion.cl\/index.php?rest_route=\/wp\/v2\/posts\/8741","targetHints":{"allow":["GET"]}}],"collection":[{"href":"http:\/\/www.lanuevaopcion.cl\/index.php?rest_route=\/wp\/v2\/posts"}],"about":[{"href":"http:\/\/www.lanuevaopcion.cl\/index.php?rest_route=\/wp\/v2\/types\/post"}],"author":[{"embeddable":true,"href":"http:\/\/www.lanuevaopcion.cl\/index.php?rest_route=\/wp\/v2\/users\/1"}],"replies":[{"embeddable":true,"href":"http:\/\/www.lanuevaopcion.cl\/index.php?rest_route=%2Fwp%2Fv2%2Fcomments&post=8741"}],"version-history":[{"count":2,"href":"http:\/\/www.lanuevaopcion.cl\/index.php?rest_route=\/wp\/v2\/posts\/8741\/revisions"}],"predecessor-version":[{"id":8743,"href":"http:\/\/www.lanuevaopcion.cl\/index.php?rest_route=\/wp\/v2\/posts\/8741\/revisions\/8743"}],"wp:attachment":[{"href":"http:\/\/www.lanuevaopcion.cl\/index.php?rest_route=%2Fwp%2Fv2%2Fmedia&parent=8741"}],"wp:term":[{"taxonomy":"category","embeddable":true,"href":"http:\/\/www.lanuevaopcion.cl\/index.php?rest_route=%2Fwp%2Fv2%2Fcategories&post=8741"},{"taxonomy":"post_tag","embeddable":true,"href":"http:\/\/www.lanuevaopcion.cl\/index.php?rest_route=%2Fwp%2Fv2%2Ftags&post=8741"}],"curies":[{"name":"wp","href":"https:\/\/api.w.org\/{rel}","templated":true}]}}