{"id":8739,"date":"2010-05-28T16:36:25","date_gmt":"2010-05-28T19:36:25","guid":{"rendered":"http:\/\/www.lanuevaopcion.cl\/?p=8739"},"modified":"2010-05-28T16:36:25","modified_gmt":"2010-05-28T19:36:25","slug":"murio-gary-coleman-otro-icono-de-los-%e2%80%9880","status":"publish","type":"post","link":"http:\/\/www.lanuevaopcion.cl\/?p=8739","title":{"rendered":"Muri\u00f3 Gary Coleman, otro \u00edcono de los \u201880"},"content":{"rendered":"<p><img loading=\"lazy\" decoding=\"async\"  alt=\"\" src=\"http:\/\/www.lanacion.cl\/noticias\/site\/artic\/20100528\/imag\/foto_0220100528145715.jpg\" class=\"alignleft\" width=\"335\" height=\"210\" \/ class=\"alignleft\" style=\"margin-right:15px;margin-bottom:10px;float:left;\" >En una cl\u00ednica en Utah, falleci\u00f3 a los 42 a\u00f1os el actor Gary Coleman, quien encarn\u00f3 a \u201cArnold\u00bb en la popular serie de TV de los a\u00f1os \u201980 \u201cDifferent Strokes\u201d (conocida en Chile como \u201cBlanco y Negro\u201d). El actor se encontraba conectado a un respirador artificial e inconsciente, tras una ca\u00edda que le produjo hemorragia cerebral.<br \/>\nEsta era la tercera emergencia m\u00e9dica en el a\u00f1o de Coleman, quien naci\u00f3 con una enfermedad cong\u00e9nita del ri\u00f1\u00f3n que le caus\u00f3 nefritis y detuvo su crecimiento de ni\u00f1o. Con \u201cBlanco y Negro\u201d, Gary Coleman salt\u00f3 a la fama con un personaje que acapar\u00f3 toda la simpat\u00eda con su famosa frase \u00ab\u00bfDe qu\u00e9 est\u00e1s hablando, Willis?\u00bb o \u00abKimberly\u00bb, seg\u00fan el caso. Luego de esa serie, Coleman realiz\u00f3 numerosos papeles de poca repercusi\u00f3n para la televisi\u00f3n y el cine norteamericanos. Pero adem\u00e1s, tuvo varias veces problemas con la justicia y lleg\u00f3 a sentarse en el banquillo de los acusados por una agresi\u00f3n a una conductora de autob\u00fas que le pidi\u00f3 un aut\u00f3grafo.<br \/>\nSu m\u00e1s reciente aparici\u00f3n p\u00fablica se remonta a enero, cuando estuvo en prisi\u00f3n por no comparecer ante el juez en un caso de violencia intrafamiliar ocurrido en 2009.FUENTE. LA NACION.CL\/AGENCIAS\/<\/p>\n","protected":false},"excerpt":{"rendered":"<p>En una cl\u00ednica en Utah, falleci\u00f3 a los 42 a\u00f1os el actor Gary Coleman, quien encarn\u00f3 a \u201cArnold\u00bb en la popular serie de TV de los a\u00f1os \u201980 \u201cDifferent Strokes\u201d (conocida en Chile como \u201cBlanco y Negro\u201d). El actor se encontraba conectado a un respirador artificial e inconsciente, tras una ca\u00edda que le produjo hemorragia [&hellip;]<\/p>\n","protected":false},"author":1,"featured_media":0,"comment_status":"open","ping_status":"open","sticky":false,"template":"","format":"standard","meta":{"footnotes":""},"categories":[5],"tags":[37,1630],"class_list":["post-8739","post","type-post","status-publish","format-standard","hentry","category-internacional","tag-cine","tag-internacional"],"_links":{"self":[{"href":"http:\/\/www.lanuevaopcion.cl\/index.php?rest_route=\/wp\/v2\/posts\/8739","targetHints":{"allow":["GET"]}}],"collection":[{"href":"http:\/\/www.lanuevaopcion.cl\/index.php?rest_route=\/wp\/v2\/posts"}],"about":[{"href":"http:\/\/www.lanuevaopcion.cl\/index.php?rest_route=\/wp\/v2\/types\/post"}],"author":[{"embeddable":true,"href":"http:\/\/www.lanuevaopcion.cl\/index.php?rest_route=\/wp\/v2\/users\/1"}],"replies":[{"embeddable":true,"href":"http:\/\/www.lanuevaopcion.cl\/index.php?rest_route=%2Fwp%2Fv2%2Fcomments&post=8739"}],"version-history":[{"count":1,"href":"http:\/\/www.lanuevaopcion.cl\/index.php?rest_route=\/wp\/v2\/posts\/8739\/revisions"}],"predecessor-version":[{"id":8740,"href":"http:\/\/www.lanuevaopcion.cl\/index.php?rest_route=\/wp\/v2\/posts\/8739\/revisions\/8740"}],"wp:attachment":[{"href":"http:\/\/www.lanuevaopcion.cl\/index.php?rest_route=%2Fwp%2Fv2%2Fmedia&parent=8739"}],"wp:term":[{"taxonomy":"category","embeddable":true,"href":"http:\/\/www.lanuevaopcion.cl\/index.php?rest_route=%2Fwp%2Fv2%2Fcategories&post=8739"},{"taxonomy":"post_tag","embeddable":true,"href":"http:\/\/www.lanuevaopcion.cl\/index.php?rest_route=%2Fwp%2Fv2%2Ftags&post=8739"}],"curies":[{"name":"wp","href":"https:\/\/api.w.org\/{rel}","templated":true}]}}