{"id":8726,"date":"2010-05-27T13:08:12","date_gmt":"2010-05-27T16:08:12","guid":{"rendered":"http:\/\/www.lanuevaopcion.cl\/?p=8726"},"modified":"2010-05-27T13:08:12","modified_gmt":"2010-05-27T16:08:12","slug":"hinzpeter-el-trabajo-de-la-comision-bicentenario-de-lagos-era-bastante-pobre","status":"publish","type":"post","link":"http:\/\/www.lanuevaopcion.cl\/?p=8726","title":{"rendered":"Hinzpeter: El trabajo de la Comisi\u00f3n Bicentenario de Lagos \u00abera bastante pobre\u00bb"},"content":{"rendered":"<p><img loading=\"lazy\" decoding=\"async\"  alt=\"\" src=\"http:\/\/static.latercera.com\/20100503\/924349_400.jpg\" class=\"alignleft\" width=\"400\" height=\"263\" \/ class=\"alignleft\" style=\"margin-right:15px;margin-bottom:10px;float:left;\" >Luego que el ex Presidente Ricardo Lagos saliera a defenderse de las cr\u00edticas que ha recibido desde el actual gobierno por el trabajo que se llev\u00f3 a cabo en su administraci\u00f3n para preparar la celebraci\u00f3n de los 200 a\u00f1os de independencia (Ver nota), esta ma\u00f1ana el ministro del Interior, Rodrigo Hinzpeter, ahond\u00f3 los cuestionamientos a la gesti\u00f3n realizada. \u00abEl Presidente Lagos conform\u00f3 una Comisi\u00f3n Bicentenario y nosotros sinceramente nos encontramos con que el producto del trabajo de esa comisi\u00f3n era bastante pobre. A nosotros nos parece que a partir de lo que hemos recibido, pero especialmente a los esfuerzos que vamos a tener que hacer en los meses que quedan, le vamos a hacer una oferta y un planteamiento al pa\u00eds para festejar como merecemos el Bicentenario\u00bb, sostuvo el jefe de gabinete. A rengl\u00f3n seguido, se\u00f1al\u00f3 que \u00abyo creo sinceramente que un trabajo que se inici\u00f3 hace 10 a\u00f1os, hoy d\u00eda debi\u00f3 haber estado en una situaci\u00f3n de desarrollo y de avance bastante m\u00e1s concreto que lo que nosotros encontramos\u00bb. Hinzpeter se refiri\u00f3 a este tema tras reunirse con algunos diputados de la UDI que le entregaron ocho propuestas de proyectos de ley para combatir la delincuencia.FUENTE. LA TERCERA.COM<\/p>\n","protected":false},"excerpt":{"rendered":"<p>Luego que el ex Presidente Ricardo Lagos saliera a defenderse de las cr\u00edticas que ha recibido desde el actual gobierno por el trabajo que se llev\u00f3 a cabo en su administraci\u00f3n para preparar la celebraci\u00f3n de los 200 a\u00f1os de independencia (Ver nota), esta ma\u00f1ana el ministro del Interior, Rodrigo Hinzpeter, ahond\u00f3 los cuestionamientos a [&hellip;]<\/p>\n","protected":false},"author":1,"featured_media":0,"comment_status":"open","ping_status":"open","sticky":false,"template":"","format":"standard","meta":{"footnotes":""},"categories":[16],"tags":[1635,1628],"class_list":["post-8726","post","type-post","status-publish","format-standard","hentry","category-nacional","tag-nacional","tag-uncategorized"],"_links":{"self":[{"href":"http:\/\/www.lanuevaopcion.cl\/index.php?rest_route=\/wp\/v2\/posts\/8726","targetHints":{"allow":["GET"]}}],"collection":[{"href":"http:\/\/www.lanuevaopcion.cl\/index.php?rest_route=\/wp\/v2\/posts"}],"about":[{"href":"http:\/\/www.lanuevaopcion.cl\/index.php?rest_route=\/wp\/v2\/types\/post"}],"author":[{"embeddable":true,"href":"http:\/\/www.lanuevaopcion.cl\/index.php?rest_route=\/wp\/v2\/users\/1"}],"replies":[{"embeddable":true,"href":"http:\/\/www.lanuevaopcion.cl\/index.php?rest_route=%2Fwp%2Fv2%2Fcomments&post=8726"}],"version-history":[{"count":1,"href":"http:\/\/www.lanuevaopcion.cl\/index.php?rest_route=\/wp\/v2\/posts\/8726\/revisions"}],"predecessor-version":[{"id":8727,"href":"http:\/\/www.lanuevaopcion.cl\/index.php?rest_route=\/wp\/v2\/posts\/8726\/revisions\/8727"}],"wp:attachment":[{"href":"http:\/\/www.lanuevaopcion.cl\/index.php?rest_route=%2Fwp%2Fv2%2Fmedia&parent=8726"}],"wp:term":[{"taxonomy":"category","embeddable":true,"href":"http:\/\/www.lanuevaopcion.cl\/index.php?rest_route=%2Fwp%2Fv2%2Fcategories&post=8726"},{"taxonomy":"post_tag","embeddable":true,"href":"http:\/\/www.lanuevaopcion.cl\/index.php?rest_route=%2Fwp%2Fv2%2Ftags&post=8726"}],"curies":[{"name":"wp","href":"https:\/\/api.w.org\/{rel}","templated":true}]}}