{"id":4781,"date":"2009-09-23T01:39:16","date_gmt":"2009-09-23T04:39:16","guid":{"rendered":"http:\/\/www.lanuevaopcion.cl\/?p=4781"},"modified":"2009-09-23T01:39:16","modified_gmt":"2009-09-23T04:39:16","slug":"militantes-del-mas-se-enfrentan-a-golpes-tras-bajada-de-candidatura-presidencial-de-navarro","status":"publish","type":"post","link":"http:\/\/www.lanuevaopcion.cl\/?p=4781","title":{"rendered":"Militantes del MAS se enfrentan a golpes tras bajada de candidatura presidencial de Navarro"},"content":{"rendered":"<p><img loading=\"lazy\" decoding=\"async\"  alt=\"\" src=\"http:\/\/static.latercera.com\/200909\/521095_400.jpg\" class=\"alignleft\" width=\"400\" height=\"263\" \/ class=\"alignleft\" style=\"margin-right:15px;margin-bottom:10px;float:left;\" >Una fuerte discusi\u00f3n fue la que se inicio a la salida del Hotel Diego de Almagro luego de que Alejandro Navarro oficializara su retirada de la carrera presidencial. Una vez terminada la conferencia de prensa, una serie de militantes del Movimiento Amplio Social (MAS) comenzaron a tratar a los l\u00edderes de la colectividad como \u00abvendidos\u00bb y llamaron a no votar por Marco Enr\u00edquez-Ominami. La explicaci\u00f3n de este llamado radicar\u00eda, seg\u00fan los denunciantes, en que Navarro no contaba con el apoyo de las bases en el partido, por lo que su petici\u00f3n de traspasar sus votos hacia el candidato independiente tampoco contar\u00eda con la aprobaci\u00f3n de las bases del MAS.<\/p>\n<p><!--more--><\/p>\n<p>Mientras los detractores de Navarro hablaban con la prensa para denunciar estos hechos, otros miembros del partido forcejeaban entre ellos, se empujaban y lanzaban cosas en diversas partes del hall del hotel.<\/p>\n<p>Una de las mujeres envueltas en esta discusi\u00f3n, Sandra Beltrami, asegur\u00f3 que \u00abun partido de izquierda no puede tener pacto con uno de derecha\u00bb, haciendo clara alusi\u00f3n al Partido Regionalista de los Independientes (PRI), cuyo rostro visible y ex candidato a la presidencia es Adolfo Zaldivar.<\/p>\n<p>La calma no volvi\u00f3 al hotel Diego de Almagro hasta que el grupo de detractores se retir\u00f3 del lugar acusando a sus dirigentes de haberse \u00abvendido\u00bb.<\/p>\n<p>FUENTE. LA TERCERA.COM<\/p>\n","protected":false},"excerpt":{"rendered":"<p>Una fuerte discusi\u00f3n fue la que se inicio a la salida del Hotel Diego de Almagro luego de que Alejandro Navarro oficializara su retirada de la carrera presidencial. Una vez terminada la conferencia de prensa, una serie de militantes del Movimiento Amplio Social (MAS) comenzaron a tratar a los l\u00edderes de la colectividad como \u00abvendidos\u00bb [&hellip;]<\/p>\n","protected":false},"author":1,"featured_media":0,"comment_status":"open","ping_status":"open","sticky":false,"template":"","format":"standard","meta":{"footnotes":""},"categories":[16],"tags":[1628],"class_list":["post-4781","post","type-post","status-publish","format-standard","hentry","category-nacional","tag-uncategorized"],"_links":{"self":[{"href":"http:\/\/www.lanuevaopcion.cl\/index.php?rest_route=\/wp\/v2\/posts\/4781","targetHints":{"allow":["GET"]}}],"collection":[{"href":"http:\/\/www.lanuevaopcion.cl\/index.php?rest_route=\/wp\/v2\/posts"}],"about":[{"href":"http:\/\/www.lanuevaopcion.cl\/index.php?rest_route=\/wp\/v2\/types\/post"}],"author":[{"embeddable":true,"href":"http:\/\/www.lanuevaopcion.cl\/index.php?rest_route=\/wp\/v2\/users\/1"}],"replies":[{"embeddable":true,"href":"http:\/\/www.lanuevaopcion.cl\/index.php?rest_route=%2Fwp%2Fv2%2Fcomments&post=4781"}],"version-history":[{"count":1,"href":"http:\/\/www.lanuevaopcion.cl\/index.php?rest_route=\/wp\/v2\/posts\/4781\/revisions"}],"predecessor-version":[{"id":4782,"href":"http:\/\/www.lanuevaopcion.cl\/index.php?rest_route=\/wp\/v2\/posts\/4781\/revisions\/4782"}],"wp:attachment":[{"href":"http:\/\/www.lanuevaopcion.cl\/index.php?rest_route=%2Fwp%2Fv2%2Fmedia&parent=4781"}],"wp:term":[{"taxonomy":"category","embeddable":true,"href":"http:\/\/www.lanuevaopcion.cl\/index.php?rest_route=%2Fwp%2Fv2%2Fcategories&post=4781"},{"taxonomy":"post_tag","embeddable":true,"href":"http:\/\/www.lanuevaopcion.cl\/index.php?rest_route=%2Fwp%2Fv2%2Ftags&post=4781"}],"curies":[{"name":"wp","href":"https:\/\/api.w.org\/{rel}","templated":true}]}}