{"id":4779,"date":"2009-09-23T00:33:43","date_gmt":"2009-09-23T03:33:43","guid":{"rendered":"http:\/\/www.lanuevaopcion.cl\/?p=4779"},"modified":"2009-09-23T00:33:43","modified_gmt":"2009-09-23T03:33:43","slug":"navarro-baja-candidatura-presidencial-para-apoyar-a-marco-enriquez-ominami","status":"publish","type":"post","link":"http:\/\/www.lanuevaopcion.cl\/?p=4779","title":{"rendered":"Navarro baja candidatura presidencial para apoyar a Marco Enr\u00edquez-Ominami"},"content":{"rendered":"<p><img loading=\"lazy\" decoding=\"async\"  alt=\"\" src=\"http:\/\/static.latercera.com\/200908\/463840_400.jpg\" class=\"alignleft\" width=\"400\" height=\"263\" \/ class=\"alignleft\" style=\"margin-right:15px;margin-bottom:10px;float:left;\" >Alejandro Navarro oficializ\u00f3 esta noche que depone su candidatura presidencial, ya que el Movimiento Amplio Social (MAS) requiere de una unidad pol\u00edtica social de la cual carecen hoy y que es representada por Marco Enr\u00edquez-Ominami.<\/p>\n<p>\u00abVamos a levantar una fuerza progresista capaz de gobernar chile y para eso, hoy, esa alternativa tiene al MAS como protagonista, pero necesariamente requiere de una gran unidad pol\u00edtica y social y esa alterativa hoy d\u00eda, hoy, hoy, la representa Marco Enr\u00edquez-Ominami. Y es por eso que hemos tomado una decisi\u00f3n: Posponemos, posponemos nuestra aspiraci\u00f3n presidencial\u00bb, sostuvo Navarro. <\/p>\n<p><!--more--><\/p>\n<p>Las informaciones sobre la renuncia de Navarro trascendieron durante la tarde de hoy, ya que el ahora ex candidato a la presidencia comunic\u00f3 su decisi\u00f3n a ejecutivos de TVN, lo que provoc\u00f3 que debieran cambiar parte del formato del debate que ser\u00e1 trasmitido este mi\u00e9rcoles por el canal estatal desde las 22.40 y eliminaran su rostro del afiche que promociona el evento en el sitio www.tvn.cl.<\/p>\n<p>Durante la tarde de hoy, Navarro hab\u00eda informado que dar\u00eda una conferencia de prensa dando a conocer una importante informaci\u00f3n. Estas declaraciones tuvieron un efecto inmediato en el comando de Marco Enr\u00edquez-Ominami, quien sostuvo que \u00abesta nueva mayor\u00eda que estamos construyendo tiene las puertas abiertas. Bienvenidos todos los l\u00edderes del MAS, bienvenido el MAS si as\u00ed lo decide\u00bb.<\/p>\n<p>FUENTE. LA TERCERA.COM<\/p>\n","protected":false},"excerpt":{"rendered":"<p>Alejandro Navarro oficializ\u00f3 esta noche que depone su candidatura presidencial, ya que el Movimiento Amplio Social (MAS) requiere de una unidad pol\u00edtica social de la cual carecen hoy y que es representada por Marco Enr\u00edquez-Ominami. \u00abVamos a levantar una fuerza progresista capaz de gobernar chile y para eso, hoy, esa alternativa tiene al MAS como [&hellip;]<\/p>\n","protected":false},"author":1,"featured_media":0,"comment_status":"open","ping_status":"open","sticky":false,"template":"","format":"standard","meta":{"footnotes":""},"categories":[16],"tags":[1628],"class_list":["post-4779","post","type-post","status-publish","format-standard","hentry","category-nacional","tag-uncategorized"],"_links":{"self":[{"href":"http:\/\/www.lanuevaopcion.cl\/index.php?rest_route=\/wp\/v2\/posts\/4779","targetHints":{"allow":["GET"]}}],"collection":[{"href":"http:\/\/www.lanuevaopcion.cl\/index.php?rest_route=\/wp\/v2\/posts"}],"about":[{"href":"http:\/\/www.lanuevaopcion.cl\/index.php?rest_route=\/wp\/v2\/types\/post"}],"author":[{"embeddable":true,"href":"http:\/\/www.lanuevaopcion.cl\/index.php?rest_route=\/wp\/v2\/users\/1"}],"replies":[{"embeddable":true,"href":"http:\/\/www.lanuevaopcion.cl\/index.php?rest_route=%2Fwp%2Fv2%2Fcomments&post=4779"}],"version-history":[{"count":1,"href":"http:\/\/www.lanuevaopcion.cl\/index.php?rest_route=\/wp\/v2\/posts\/4779\/revisions"}],"predecessor-version":[{"id":4780,"href":"http:\/\/www.lanuevaopcion.cl\/index.php?rest_route=\/wp\/v2\/posts\/4779\/revisions\/4780"}],"wp:attachment":[{"href":"http:\/\/www.lanuevaopcion.cl\/index.php?rest_route=%2Fwp%2Fv2%2Fmedia&parent=4779"}],"wp:term":[{"taxonomy":"category","embeddable":true,"href":"http:\/\/www.lanuevaopcion.cl\/index.php?rest_route=%2Fwp%2Fv2%2Fcategories&post=4779"},{"taxonomy":"post_tag","embeddable":true,"href":"http:\/\/www.lanuevaopcion.cl\/index.php?rest_route=%2Fwp%2Fv2%2Ftags&post=4779"}],"curies":[{"name":"wp","href":"https:\/\/api.w.org\/{rel}","templated":true}]}}