{"id":33900,"date":"2026-09-04T11:25:10","date_gmt":"2026-09-04T11:25:10","guid":{"rendered":"https:\/\/www.lanuevaopcion.cl\/?p=33900"},"modified":"2026-09-04T11:25:10","modified_gmt":"2026-09-04T11:25:10","slug":"que-se-cree-el-simio-subnormal-conocida-exdiputada-chilena-remece-la-web-con-feroz-descargo-contra-javier-milei","status":"publish","type":"post","link":"http:\/\/www.lanuevaopcion.cl\/?p=33900","title":{"rendered":"\u201cQu\u00e9 se cree el simio subnormal\u201c: Conocida exdiputada chilena remece la web con feroz descargo contra Javier Milei"},"content":{"rendered":"<p><img decoding=\"async\"  src=\"https:\/\/www.lacuarta.com\/resizer\/v2\/VV7ZLWE5I5D7HJGPGGESHQUO7I.jpg?auth=9719eb3dc1234adecf86d7abfc73474e8069917013d251eeb6b5bcabccc757e4&#038;smart=true&#038;width=375&#038;height=211&#038;quality=70\" alt=\"null\" \/ class=\"alignleft\" style=\"margin-right:15px;margin-bottom:10px;float:left;\" ><br \/>\nNo lo dej\u00f3 pasar. La exdiputada Carmen Hertz (PC), fiel a su estilo, arremeti\u00f3 sin filtro contra el Presidente de Argentina, Javier Milei, por pol\u00e9micos dichos en su paso por Chile.<\/p>\n<p>La hist\u00f3rica figura del Partido Comunista y activista por los derechos humanos reaccion\u00f3 en redes sociales a las declaraciones de Milei en el Encuentro Regional Foro Madrid, realizado en Santiago.<br \/>\n<!--more--><\/p>\n<p>El mandatario trasandino trat\u00f3 de \u201czurdos mugrosos\u201d a los opositores pol\u00edticos y valor\u00f3 \u201cel derrocamiento del comunista Allende\u201d (era socialista).<\/p>\n<p>Enterada de aquellos dichos, Hertz desahog\u00f3: \u201cQu\u00e9 se cree el simio subnormal @JMilei, con sus frases esperp\u00e9nticas e insultos al presidente Salvador Allende\u201d.<\/p>\n<p>Afirm\u00f3 que Allende qued\u00f3 \u201cinscrito para siempre en la historia universal de la dignidad y el coraje, mientras el subnormal est\u00e1 en la historia universal de la infamia y la cobard\u00eda\u201d.<\/p>\n<p>La publicaci\u00f3n de Hertz desat\u00f3 miles de reacciones en la plataforma X (ex Twitter).<\/p>\n<p>Carmen Hertz. RAUL ZAMORA\/ATON CHILE<\/p>\n<p>Otras reacciones<br \/>\nLas frases de Milei generaron una reacci\u00f3n en masa en la oposici\u00f3n chilena, incluso desde sectores de centro, como el senador Mat\u00edas Walker (Dem\u00f3cratas).Accede A Enciclopedias<\/p>\n<p>\u201c\u2018Zurdos mugrosos\u2019\u2026 justo la altura del debate p\u00fablico que necesita Chile en momentos en que estamos rozando la recesi\u00f3n econ\u00f3mica, con el desempleo m\u00e1s alto en 5 a\u00f1os. Y m\u00e1s encima lo aplauden. Gracias Foro de Madrid por darnos en nuestro territorio la demostraci\u00f3n de su desprecio por la democracia liberal occidental\u201d, fue parte de lo que dijo.<\/p>\n<p>Tambi\u00e9n llam\u00f3 la atenci\u00f3n el descargo del diputado Nelson Venegas (PS): \u201cSe creen patriotas y aceptan que venga el presidente argentino, insulte a chilenos, insulte nuestra memoria y orine sobre las heridas de nuestro pa\u00eds que a\u00fan no cierran\u201d.<br \/>\nhttps:\/\/www.lacuarta.com\/chile\/noticia\/que-se-cree-el-simio-subnormal-conocida-exdiputada-chilena-remece-la-web-con-feroz-descargo-contra-javier-milei\/#google_vignette<br \/>\nFUENTE. LA CUARTA.CO<br \/>\nMEDIO DE DIFUSION , SIN FIN DE LUCRO ALGUNO <\/p>\n","protected":false},"excerpt":{"rendered":"<p>No lo dej\u00f3 pasar. La exdiputada Carmen Hertz (PC), fiel a su estilo, arremeti\u00f3 sin filtro contra el Presidente de Argentina, Javier Milei, por pol\u00e9micos dichos en su paso por Chile. La hist\u00f3rica figura del Partido Comunista y activista por los derechos humanos reaccion\u00f3 en redes sociales a las declaraciones de Milei en el Encuentro [&hellip;]<\/p>\n","protected":false},"author":1,"featured_media":0,"comment_status":"open","ping_status":"open","sticky":false,"template":"","format":"standard","meta":{"footnotes":""},"categories":[1642,1695,1659,1649,5,1678,1671,11],"tags":[],"class_list":["post-33900","post","type-post","status-publish","format-standard","hentry","category-chile","category-congreso","category-diputados","category-gobierno","category-internacional","category-libro","category-tecnicos-juridicos-de-chile","category-tendencias"],"_links":{"self":[{"href":"http:\/\/www.lanuevaopcion.cl\/index.php?rest_route=\/wp\/v2\/posts\/33900","targetHints":{"allow":["GET"]}}],"collection":[{"href":"http:\/\/www.lanuevaopcion.cl\/index.php?rest_route=\/wp\/v2\/posts"}],"about":[{"href":"http:\/\/www.lanuevaopcion.cl\/index.php?rest_route=\/wp\/v2\/types\/post"}],"author":[{"embeddable":true,"href":"http:\/\/www.lanuevaopcion.cl\/index.php?rest_route=\/wp\/v2\/users\/1"}],"replies":[{"embeddable":true,"href":"http:\/\/www.lanuevaopcion.cl\/index.php?rest_route=%2Fwp%2Fv2%2Fcomments&post=33900"}],"version-history":[{"count":1,"href":"http:\/\/www.lanuevaopcion.cl\/index.php?rest_route=\/wp\/v2\/posts\/33900\/revisions"}],"predecessor-version":[{"id":33901,"href":"http:\/\/www.lanuevaopcion.cl\/index.php?rest_route=\/wp\/v2\/posts\/33900\/revisions\/33901"}],"wp:attachment":[{"href":"http:\/\/www.lanuevaopcion.cl\/index.php?rest_route=%2Fwp%2Fv2%2Fmedia&parent=33900"}],"wp:term":[{"taxonomy":"category","embeddable":true,"href":"http:\/\/www.lanuevaopcion.cl\/index.php?rest_route=%2Fwp%2Fv2%2Fcategories&post=33900"},{"taxonomy":"post_tag","embeddable":true,"href":"http:\/\/www.lanuevaopcion.cl\/index.php?rest_route=%2Fwp%2Fv2%2Ftags&post=33900"}],"curies":[{"name":"wp","href":"https:\/\/api.w.org\/{rel}","templated":true}]}}