{"id":33892,"date":"2026-08-31T12:05:10","date_gmt":"2026-08-31T12:05:10","guid":{"rendered":"https:\/\/www.lanuevaopcion.cl\/?p=33892"},"modified":"2026-08-31T12:05:10","modified_gmt":"2026-08-31T12:05:10","slug":"no-paso-piola-el-inesperado-episodio-que-dejo-marcando-ocupado-a-cote-lopez-tras-entrevista-en-primer-plano-por-escandalo","status":"publish","type":"post","link":"http:\/\/www.lanuevaopcion.cl\/?p=33892","title":{"rendered":"No pas\u00f3 piola: el inesperado episodio que dej\u00f3 marcando ocupado a Cote L\u00f3pez tras entrevista en Primer Plano por esc\u00e1ndalo"},"content":{"rendered":"<p><img decoding=\"async\"  src=\"https:\/\/www.lacuarta.com\/resizer\/v2\/6UWFUSYDSZEFFKVF5W575E2LNQ.jpg?auth=f2664b77d3d8f1afd0a258e0a665ecb22bab80247a23266db69688337b1dd2a9&#038;smart=true&#038;width=375&#038;height=211&#038;quality=70\" alt=\"null\" \/ class=\"alignleft\" style=\"margin-right:15px;margin-bottom:10px;float:left;\" ><br \/>\nCote L\u00f3pez se convirti\u00f3 en tema obligado de conversaci\u00f3n el viernes por la noche gracias a la entrevista en profundidad que le concenci\u00f3 a Fran Garc\u00eda-Huidobro, la cual fue emitida en Primer Plano.<\/p>\n<p>Y c\u00f3mo no, si medio Chile estuvo pegado al televisor viendo sus descargos tras el esc\u00e1ndalo que la involucra directamente en el quiebre amoroso entre Luis Jim\u00e9nez y Gala Caldirola.<br \/>\n<!--more--><\/p>\n<p>Por lo mismo, en el espacio de CHV la influencer reconoci\u00f3 el remember con el Mago, cuesti\u00f3n que termin\u00f3 por destruir la relaci\u00f3n sentimental que \u00e9l ten\u00eda con la espa\u00f1ola, la que incluso contemplaba planes de casorio.Referencia geogr\u00e1fica<\/p>\n<p>Debido a eso, la tambi\u00e9n empresaria estuvo en el ojo del hurac\u00e1n durante d\u00edas y qued\u00f3 como la mala de la pel\u00edcula por convertirse en la patas negras en este culebr\u00f3n farandulero.<\/p>\n<p>A ra\u00edz de eso, la Cote qued\u00f3 marcando ocupado tras el inesperado y masivo apoyo que empez\u00f3 a recibir por parte de sus seguidores y seguidoras en las redes sociales.<\/p>\n<p>De hecho, ella misma comparti\u00f3 varias historias en las que mostr\u00f3 la ola de mensajes que le llegaron luego de sus confesiones en el espacio de espect\u00e1culo.<\/p>\n<p>\u201cNo comprendo, pero les agradezco de todo coraz\u00f3n. Son una luz para m\u00ed en esta oscuridad. Gracias de nuevo\u201d, fue el texto con el que acompa\u00f1\u00f3 los pantallazos con las muestras de afecto que le llegaron.<\/p>\n<p>\u00bfQu\u00e9 dijo Cote L\u00f3pez?<br \/>\nCabe recordar que, durante la entrevista, Cote L\u00f3pez impact\u00f3 con algunos de sus dichos. Por ejemplo, no dej\u00f3 a nadie indiferente cuando confes\u00f3 que le gustar\u00eda que Jim\u00e9nez y Caldirola retomen la relaci\u00f3n.Noticias<\/p>\n<p>\u201cQuiero decirle a Gala, este es un consejo que le voy a dejar, que no tengo por qu\u00e9 dar ni nada, pero que escuche a su coraz\u00f3n, y no a la gente. Si ella est\u00e1 enamorada y si eran tan felices, que no se arruinen por mi culpa. Ellos ten\u00edan proyectos lindos. Yo no me voy a meter nunca m\u00e1s ah\u00ed, nunca m\u00e1s. O sea, no van a saber de m\u00ed\u201d, relat\u00f3 entre l\u00e1grimas.<\/p>\n<p>Y en esa misma l\u00ednea, agreg\u00f3: \u201cyo s\u00f3lo quiero que sean felices, reparar el da\u00f1o que hice. Por eso le digo que seguramente todo el mundo le va a estar diciendo que no puede perdonar porque \u2018tiene que ser la mujer empoderada\u2019, \u2018porque tiene que ser fuerte\u2019, \u2018porque ah\u00ed no es\u2019 y todo. Pero si ella siente que ah\u00ed es, ella que se deje llevar, porque hay una vida\u201d, continu\u00f3 L\u00f3pez.<br \/>\nhttps:\/\/www.lacuarta.com\/espectaculos\/noticia\/no-paso-piola-el-inesperado-episodio-que-dejo-marcando-ocupado-a-cote-lopez-tras-entrevista-en-primer-plano-por-escandalo\/#google_vignette<br \/>\nFUENTE. LA CUARTA.COM<br \/>\nMEDIO DE DIFUSION, SIN FIN DE LUCRO ALGUNO <\/p>\n","protected":false},"excerpt":{"rendered":"<p>Cote L\u00f3pez se convirti\u00f3 en tema obligado de conversaci\u00f3n el viernes por la noche gracias a la entrevista en profundidad que le concenci\u00f3 a Fran Garc\u00eda-Huidobro, la cual fue emitida en Primer Plano. Y c\u00f3mo no, si medio Chile estuvo pegado al televisor viendo sus descargos tras el esc\u00e1ndalo que la involucra directamente en el [&hellip;]<\/p>\n","protected":false},"author":1,"featured_media":0,"comment_status":"open","ping_status":"open","sticky":false,"template":"","format":"standard","meta":{"footnotes":""},"categories":[1642,1640,5,1678,16,1664,11,1643],"tags":[],"class_list":["post-33892","post","type-post","status-publish","format-standard","hentry","category-chile","category-espectaculos","category-internacional","category-libro","category-nacional","category-pais","category-tendencias","category-tv"],"_links":{"self":[{"href":"http:\/\/www.lanuevaopcion.cl\/index.php?rest_route=\/wp\/v2\/posts\/33892","targetHints":{"allow":["GET"]}}],"collection":[{"href":"http:\/\/www.lanuevaopcion.cl\/index.php?rest_route=\/wp\/v2\/posts"}],"about":[{"href":"http:\/\/www.lanuevaopcion.cl\/index.php?rest_route=\/wp\/v2\/types\/post"}],"author":[{"embeddable":true,"href":"http:\/\/www.lanuevaopcion.cl\/index.php?rest_route=\/wp\/v2\/users\/1"}],"replies":[{"embeddable":true,"href":"http:\/\/www.lanuevaopcion.cl\/index.php?rest_route=%2Fwp%2Fv2%2Fcomments&post=33892"}],"version-history":[{"count":1,"href":"http:\/\/www.lanuevaopcion.cl\/index.php?rest_route=\/wp\/v2\/posts\/33892\/revisions"}],"predecessor-version":[{"id":33893,"href":"http:\/\/www.lanuevaopcion.cl\/index.php?rest_route=\/wp\/v2\/posts\/33892\/revisions\/33893"}],"wp:attachment":[{"href":"http:\/\/www.lanuevaopcion.cl\/index.php?rest_route=%2Fwp%2Fv2%2Fmedia&parent=33892"}],"wp:term":[{"taxonomy":"category","embeddable":true,"href":"http:\/\/www.lanuevaopcion.cl\/index.php?rest_route=%2Fwp%2Fv2%2Fcategories&post=33892"},{"taxonomy":"post_tag","embeddable":true,"href":"http:\/\/www.lanuevaopcion.cl\/index.php?rest_route=%2Fwp%2Fv2%2Ftags&post=33892"}],"curies":[{"name":"wp","href":"https:\/\/api.w.org\/{rel}","templated":true}]}}