{"id":33348,"date":"2026-04-29T12:37:39","date_gmt":"2026-04-29T12:37:39","guid":{"rendered":"https:\/\/www.lanuevaopcion.cl\/?p=33348"},"modified":"2026-04-29T12:37:39","modified_gmt":"2026-04-29T12:37:39","slug":"exigian-cifra-millonaria-tras-captura-en-san-miguel-liberan-a-empresario-de-84-anos-que-fue-secuestrado-hace-una-semana","status":"publish","type":"post","link":"http:\/\/www.lanuevaopcion.cl\/?p=33348","title":{"rendered":"Exig\u00edan cifra millonaria tras captura en San Miguel: liberan a empresario de 84 a\u00f1os que fue secuestrado hace una semana"},"content":{"rendered":"<p><img decoding=\"async\"  src=\"https:\/\/www.lacuarta.com\/resizer\/v2\/POGKXS7I7FEYBGFBIFUDZYYSJI.jpg?auth=38429686316c06221f96667a44bfb0822dac9d59e2e5b4c769a576148113e871&#038;smart=true&#038;width=375&#038;height=211&#038;quality=70\" alt=\"null\" \/ class=\"alignleft\" style=\"margin-right:15px;margin-bottom:10px;float:left;\" ><br \/>\nCabe recordar que el adulto mayor fue interceptado por desconocidos mientras se movilizaba en su camioneta, a eso de las 18:00 horas en las calles Magdalena Vicu\u00f1a con Ricardo Morales.<\/p>\n<p>Tal como qued\u00f3 registrado por c\u00e1maras de vigilancia, tres veh\u00edculos bloquearon su paso.<br \/>\n<!--more--><\/p>\n<p>Posteriormente, los sujetos lo obligaron a descender de su camioneta y lo subieron por la fuerza a otro autom\u00f3vil, d\u00e1ndose a la fuga en direcci\u00f3n desconocida.<\/p>\n<p>Vera es un empresario del rubro ferretero y adem\u00e1s est\u00e1 vinculado a las carreras de caballos.<\/p>\n<p>Entre las l\u00edneas investigativas, no se descarta su eventual relaci\u00f3n con pr\u00e9stamos informales.<\/p>\n<p>Lo liberaron<br \/>\nSeg\u00fan confirm\u00f3 Fiscal\u00eda, durante las \u00faltimas horas, Vera fue liberado con vida y se est\u00e1 verificando su estado de salud.<\/p>\n<p>Anoche, T13 dio a conocer que la banda responsable del il\u00edcito habr\u00eda pedido $700 millones a su familia, a quienes hicieron llegar videos de la v\u00edctima.<\/p>\n<p>Hasta ahora, se desconoce si existi\u00f3 pago para concretar la liberaci\u00f3n. Se espera que, durante las pr\u00f3ximas horas, las autoridades entreguen informaci\u00f3n sobre el caso.<br \/>\nhttps:\/\/www.lacuarta.com\/chile\/noticia\/exigian-cifra-millonaria-tras-captura-en-san-miguel-liberan-a-empresario-de-84-anos-que-fue-secuestrado-hace-una-semana\/<br \/>\nFUENTE. LA CUARTA.COM<br \/>\nMEDIO DE DIFUSION, SIN FIN DE LUCRO ALGUNO <\/p>\n","protected":false},"excerpt":{"rendered":"<p>Cabe recordar que el adulto mayor fue interceptado por desconocidos mientras se movilizaba en su camioneta, a eso de las 18:00 horas en las calles Magdalena Vicu\u00f1a con Ricardo Morales. Tal como qued\u00f3 registrado por c\u00e1maras de vigilancia, tres veh\u00edculos bloquearon su paso.<\/p>\n","protected":false},"author":1,"featured_media":0,"comment_status":"open","ping_status":"open","sticky":false,"template":"","format":"standard","meta":{"footnotes":""},"categories":[1642,1653,1651,1649,16,1652,30,1658],"tags":[],"class_list":["post-33348","post","type-post","status-publish","format-standard","hentry","category-chile","category-delincuencia","category-fiscalia","category-gobierno","category-nacional","category-pdi","category-policial","category-secuestro"],"_links":{"self":[{"href":"http:\/\/www.lanuevaopcion.cl\/index.php?rest_route=\/wp\/v2\/posts\/33348","targetHints":{"allow":["GET"]}}],"collection":[{"href":"http:\/\/www.lanuevaopcion.cl\/index.php?rest_route=\/wp\/v2\/posts"}],"about":[{"href":"http:\/\/www.lanuevaopcion.cl\/index.php?rest_route=\/wp\/v2\/types\/post"}],"author":[{"embeddable":true,"href":"http:\/\/www.lanuevaopcion.cl\/index.php?rest_route=\/wp\/v2\/users\/1"}],"replies":[{"embeddable":true,"href":"http:\/\/www.lanuevaopcion.cl\/index.php?rest_route=%2Fwp%2Fv2%2Fcomments&post=33348"}],"version-history":[{"count":1,"href":"http:\/\/www.lanuevaopcion.cl\/index.php?rest_route=\/wp\/v2\/posts\/33348\/revisions"}],"predecessor-version":[{"id":33349,"href":"http:\/\/www.lanuevaopcion.cl\/index.php?rest_route=\/wp\/v2\/posts\/33348\/revisions\/33349"}],"wp:attachment":[{"href":"http:\/\/www.lanuevaopcion.cl\/index.php?rest_route=%2Fwp%2Fv2%2Fmedia&parent=33348"}],"wp:term":[{"taxonomy":"category","embeddable":true,"href":"http:\/\/www.lanuevaopcion.cl\/index.php?rest_route=%2Fwp%2Fv2%2Fcategories&post=33348"},{"taxonomy":"post_tag","embeddable":true,"href":"http:\/\/www.lanuevaopcion.cl\/index.php?rest_route=%2Fwp%2Fv2%2Ftags&post=33348"}],"curies":[{"name":"wp","href":"https:\/\/api.w.org\/{rel}","templated":true}]}}