{"id":33280,"date":"2026-04-01T11:03:16","date_gmt":"2026-04-01T11:03:16","guid":{"rendered":"https:\/\/www.lanuevaopcion.cl\/?p=33280"},"modified":"2026-04-01T11:03:16","modified_gmt":"2026-04-01T11:03:16","slug":"lo-mandaron-a-prision-pero-el-plan-continuaria-asesino-de-inspectora-aviso-lo-que-podria-venir-tras-su-reclusion","status":"publish","type":"post","link":"http:\/\/www.lanuevaopcion.cl\/?p=33280","title":{"rendered":"Lo mandaron a prisi\u00f3n, pero el plan continuar\u00eda: asesino de inspectora avis\u00f3 lo que podr\u00eda venir tras su reclusi\u00f3n"},"content":{"rendered":"<p><img decoding=\"async\"  src=\"https:\/\/www.lacuarta.com\/resizer\/v2\/RFLRGDHKCVHEVCSJWGEZWNT6MA.jpg?auth=449e988d0927fbadbb86994c351105168e716662616422f5a2ba8d4f0207422d&#038;focal=952%2C542&#038;width=375&#038;height=211&#038;quality=70\" alt=\"null\" \/ class=\"alignleft\" style=\"margin-right:15px;margin-bottom:10px;float:left;\" ><br \/>\nEl Juzgado de Garant\u00eda de Calama decret\u00f3 la prisi\u00f3n preventiva para Hern\u00e1n Meneses, estudiante de 18 a\u00f1os que asesin\u00f3 a una inspectora y dej\u00f3 otros cuatro heridos en un ataque al interior del Instituto Obispo Silva Lezaeta de Calama.<\/p>\n<p>El alumno de cuarto medio fue formalizado este martes, a cuatro d\u00edas de haber llegado a su colegio armado con cuchillos para llevar a cabo un mortal plan que llevaba pensando hace meses.<br \/>\n<!--more--><\/p>\n<p>Si bien el sujeto mat\u00f3 a una inspectora de 59 a\u00f1os, dej\u00f3 gravemente herida a otra paradocente y acuchill\u00f3 a tres estudiantes menores de edad, su objetivo era mucho peor: iba por una masacre.<\/p>\n<p>Escrito clave<br \/>\nDurante la instancia judicial, la Fiscal\u00eda dio a conocer el contenido del cuaderno hallado en la pieza del imputado.<\/p>\n<p>En un texto que titul\u00f3 \u201cDies irae\u201d \u2014escrito en lat\u00edn que se traduce como \u201cd\u00eda de ira\u2014, el homicida proyectaba como fecha l\u00edmite el 15 de mayo de 2026, fijando como lugar el Instituto Obispo Silva Lezaeta, por su accesibilidad y conocimiento de las instalaciones.<\/p>\n<p>El joven de 18 a\u00f1os escribi\u00f3 que el motivo era \u201codio, capitalismo, misantrop\u00eda\u201d. Adem\u00e1s, especific\u00f3 que se trataba de un ataque individual, sin c\u00f3mplices ni incitadores.<\/p>\n<p>Adem\u00e1s, en el cuaderno especificaba que en inicio ser\u00edan de una a cuatro v\u00edctimas, pero el \u201cid\u00edlico\u201d eran ocho por el \u201cimpacto a nivel nacional\u201d. Buscaba matar a ni\u00f1os de primero b\u00e1sico.<\/p>\n<p>Luego, cerr\u00f3 con otro de sus deseos, que a\u00fan podr\u00eda cumplir: \u201cNo pretendo sobrevivir; en caso de hacerlo, perseguir\u00e9 de forma activa la muerte en reclusi\u00f3n\u201d.<\/p>\n<p>En esa l\u00ednea, el agresor apunt\u00f3 las ventajas de sobrevivir como \u201cimpacto\u201d y \u201cm\u00e1s fama\u201d, mientras que en los contras identific\u00f3 el \u201carresto\u201d, \u201ccadena perpetua\u201d, \u201cverg\u00fcenza\u201d y \u201cconsecuencias\u201d.<\/p>\n<p>Adem\u00e1s, plane\u00f3 su muerte, indicando que si quer\u00eda que un carabinero le dispare, requiere \u201cpistola o arma\u201d, lo que calific\u00f3 como \u201cno realista\u201d.<\/p>\n<p>Por el momento, Meneses tendr\u00e1 que permanecer tras las rejas mientras se desarrolla la investigaci\u00f3n.<br \/>\nhttps:\/\/www.lacuarta.com\/chile\/noticia\/lo-mandaron-a-prision-pero-el-plan-continuaria-asesino-de-inspectora-aviso-lo-que-podria-venir-tras-su-reclusion\/<br \/>\nFUENTE. LA CUARTA.COM<br \/>\nMEDIO DE DIFUSION, SIN FIN DE LUCRO ALGUNO <\/p>\n","protected":false},"excerpt":{"rendered":"<p>El Juzgado de Garant\u00eda de Calama decret\u00f3 la prisi\u00f3n preventiva para Hern\u00e1n Meneses, estudiante de 18 a\u00f1os que asesin\u00f3 a una inspectora y dej\u00f3 otros cuatro heridos en un ataque al interior del Instituto Obispo Silva Lezaeta de Calama. El alumno de cuarto medio fue formalizado este martes, a cuatro d\u00edas de haber llegado a [&hellip;]<\/p>\n","protected":false},"author":1,"featured_media":0,"comment_status":"open","ping_status":"open","sticky":false,"template":"","format":"standard","meta":{"footnotes":""},"categories":[1645,16,30,1644],"tags":[],"class_list":["post-33280","post","type-post","status-publish","format-standard","hentry","category-carabineros-de-chile","category-nacional","category-policial","category-tribunales"],"_links":{"self":[{"href":"http:\/\/www.lanuevaopcion.cl\/index.php?rest_route=\/wp\/v2\/posts\/33280","targetHints":{"allow":["GET"]}}],"collection":[{"href":"http:\/\/www.lanuevaopcion.cl\/index.php?rest_route=\/wp\/v2\/posts"}],"about":[{"href":"http:\/\/www.lanuevaopcion.cl\/index.php?rest_route=\/wp\/v2\/types\/post"}],"author":[{"embeddable":true,"href":"http:\/\/www.lanuevaopcion.cl\/index.php?rest_route=\/wp\/v2\/users\/1"}],"replies":[{"embeddable":true,"href":"http:\/\/www.lanuevaopcion.cl\/index.php?rest_route=%2Fwp%2Fv2%2Fcomments&post=33280"}],"version-history":[{"count":1,"href":"http:\/\/www.lanuevaopcion.cl\/index.php?rest_route=\/wp\/v2\/posts\/33280\/revisions"}],"predecessor-version":[{"id":33281,"href":"http:\/\/www.lanuevaopcion.cl\/index.php?rest_route=\/wp\/v2\/posts\/33280\/revisions\/33281"}],"wp:attachment":[{"href":"http:\/\/www.lanuevaopcion.cl\/index.php?rest_route=%2Fwp%2Fv2%2Fmedia&parent=33280"}],"wp:term":[{"taxonomy":"category","embeddable":true,"href":"http:\/\/www.lanuevaopcion.cl\/index.php?rest_route=%2Fwp%2Fv2%2Fcategories&post=33280"},{"taxonomy":"post_tag","embeddable":true,"href":"http:\/\/www.lanuevaopcion.cl\/index.php?rest_route=%2Fwp%2Fv2%2Ftags&post=33280"}],"curies":[{"name":"wp","href":"https:\/\/api.w.org\/{rel}","templated":true}]}}