{"id":3325,"date":"2009-07-24T01:17:42","date_gmt":"2009-07-24T04:17:42","guid":{"rendered":"http:\/\/www.lanuevaopcion.cl\/?p=3325"},"modified":"2009-07-24T01:18:07","modified_gmt":"2009-07-24T04:18:07","slug":"directorio-de-tvn-confirma-respaldo-a-doggenweiler-tras-polemica","status":"publish","type":"post","link":"http:\/\/www.lanuevaopcion.cl\/?p=3325","title":{"rendered":"Directorio de TVN confirma respaldo a Doggenweiler tras pol\u00e9mica"},"content":{"rendered":"<p><img loading=\"lazy\" decoding=\"async\"  alt=\"\" src=\"http:\/\/2.bp.blogspot.com\/_RFt9qvlI5s0\/R4Z6B-IGbJI\/AAAAAAAAAEM\/gMxrFhLqtiM\/s320\/logoTVN.jpg\" class=\"alignleft\" width=\"320\" height=\"319\" \/ class=\"alignleft\" style=\"margin-right:15px;margin-bottom:10px;float:left;\" >SANTIAGO.- Luego que el \u00c1rea Ejecutiva de TVN emitiera una declaraci\u00f3n de respaldo a Karen Doggenweiler, en medio de las cr\u00edticas surgidas desde el comando de Eduardo Frei por el rol de la animadora en la campa\u00f1a de su esposo, Marco Enr\u00edquez-Ominami, el directorio del canal estatal resolvi\u00f3 confirmar el documento p\u00fablico emitido ayer.<\/p>\n<p>A trav\u00e9s de un breve comunicado, la instancia, en la que participan cercanos al abanderado oficialista -entre ellos su hermano, Francisco Frei- se\u00f1al\u00f3 que el directorio de la estaci\u00f3n p\u00fablica \u00abreitera su pol\u00edtica de varios a\u00f1os que busca resguardar la libertad de opini\u00f3n de sus miembros, dentro del \u00e1mbito de sus responsabilidades profesionales\u00bb. <\/p>\n<p><!--more--><\/p>\n<p>Lo anterior va en la l\u00ednea de lo expresado ayer por la Gerencia de Comunicaciones del canal que a trav\u00e9s del mismo conducto declar\u00f3 que \u00abKaren es animadora de TVN desde hace 20 a\u00f1os. Su posicionamiento medi\u00e1tico obedece a su destacado desempe\u00f1o y a la carrera televisiva que ha desarrollado en diferentes \u00e1reas del canal. Las actividades que desarrolla acompa\u00f1ando a su marido en sus actividades pol\u00edticas est\u00e1n en el \u00e1mbito de sus decisiones personales\u00bb.<\/p>\n<p>Uno de los miembros de la instancia manifest\u00f3 a Emol que este tipo de situaciones \u00abes una materia zanjada por el directorio hace mucho tiempo en sus acuerdos internos, esto es que los trabajadores, profesionales del canal pueden libremente expresar sus opiniones y participar en actividades de caracter pol\u00edtico\u00bb.<\/p>\n<p>Indic\u00f3 adem\u00e1s que lo ocurrido con Doggenweieler no gener\u00f3 mayor discusi\u00f3n durante la sesi\u00f3n de esta tarde, ya que \u00ab\u00e9sta es una cosa bastante artificial\u00bb.<\/p>\n<p>El tema gener\u00f3 un amplio debate en el mundo pol\u00edtico y un nuevo roce en el equipo del abanderado oficialista, donde el jefe territorial del comando, Jorge Burgos, sali\u00f3 a desautorizar al coordinador general de la campa\u00f1a, Sebasti\u00e1n Bowen, y a la vocera, Paula Narv\u00e1ez, quienes se\u00f1alaron que la actuaci\u00f3n de la conductora puede \u00abinfluir\u00bb en la campa\u00f1a y solicitaron al canal una \u00abrevisi\u00f3n institucional\u00bb del caso.<\/p>\n<p>\u00abCateg\u00f3ricamente la opini\u00f3n oficial es la que expres\u00e9 yo. No es un tema para el comando y por cierto para el candidato la situaci\u00f3n planteada por el trabajo de la animadora. Ella tiene todo el derecho del mundo a cumplir con su trabajo como lo hace y a apoyar a un candidato, cuando adem\u00e1s es su marido\u00bb, se\u00f1al\u00f3 este jueves Burgos.<\/p>\n<p>Paralelamente, los aludidos retrocedieron en su postura, afirmando que \u00abeste comando no est\u00e1 emplazando a nadie\u00bb, ya que la situaci\u00f3n de Doggenweiler es un asunto que compete exclusivamente a Televisi\u00f3n Nacional.<\/p>\n<p>FUENTE.EMOL.COM<\/p>\n","protected":false},"excerpt":{"rendered":"<p>SANTIAGO.- Luego que el \u00c1rea Ejecutiva de TVN emitiera una declaraci\u00f3n de respaldo a Karen Doggenweiler, en medio de las cr\u00edticas surgidas desde el comando de Eduardo Frei por el rol de la animadora en la campa\u00f1a de su esposo, Marco Enr\u00edquez-Ominami, el directorio del canal estatal resolvi\u00f3 confirmar el documento p\u00fablico emitido ayer. A [&hellip;]<\/p>\n","protected":false},"author":1,"featured_media":0,"comment_status":"open","ping_status":"open","sticky":false,"template":"","format":"standard","meta":{"footnotes":""},"categories":[16,1],"tags":[1628],"class_list":["post-3325","post","type-post","status-publish","format-standard","hentry","category-nacional","category-uncategorized","tag-uncategorized"],"_links":{"self":[{"href":"http:\/\/www.lanuevaopcion.cl\/index.php?rest_route=\/wp\/v2\/posts\/3325","targetHints":{"allow":["GET"]}}],"collection":[{"href":"http:\/\/www.lanuevaopcion.cl\/index.php?rest_route=\/wp\/v2\/posts"}],"about":[{"href":"http:\/\/www.lanuevaopcion.cl\/index.php?rest_route=\/wp\/v2\/types\/post"}],"author":[{"embeddable":true,"href":"http:\/\/www.lanuevaopcion.cl\/index.php?rest_route=\/wp\/v2\/users\/1"}],"replies":[{"embeddable":true,"href":"http:\/\/www.lanuevaopcion.cl\/index.php?rest_route=%2Fwp%2Fv2%2Fcomments&post=3325"}],"version-history":[{"count":2,"href":"http:\/\/www.lanuevaopcion.cl\/index.php?rest_route=\/wp\/v2\/posts\/3325\/revisions"}],"predecessor-version":[{"id":3327,"href":"http:\/\/www.lanuevaopcion.cl\/index.php?rest_route=\/wp\/v2\/posts\/3325\/revisions\/3327"}],"wp:attachment":[{"href":"http:\/\/www.lanuevaopcion.cl\/index.php?rest_route=%2Fwp%2Fv2%2Fmedia&parent=3325"}],"wp:term":[{"taxonomy":"category","embeddable":true,"href":"http:\/\/www.lanuevaopcion.cl\/index.php?rest_route=%2Fwp%2Fv2%2Fcategories&post=3325"},{"taxonomy":"post_tag","embeddable":true,"href":"http:\/\/www.lanuevaopcion.cl\/index.php?rest_route=%2Fwp%2Fv2%2Ftags&post=3325"}],"curies":[{"name":"wp","href":"https:\/\/api.w.org\/{rel}","templated":true}]}}