{"id":3303,"date":"2009-07-23T01:03:49","date_gmt":"2009-07-23T04:03:49","guid":{"rendered":"http:\/\/www.lanuevaopcion.cl\/?p=3303"},"modified":"2009-07-23T01:03:49","modified_gmt":"2009-07-23T04:03:49","slug":"presidenta-bachelet-destaco-objetivos-comunes-con-paraguay-para-%e2%80%9cseguir-modernizando-nuestros-paises%e2%80%9d","status":"publish","type":"post","link":"http:\/\/www.lanuevaopcion.cl\/?p=3303","title":{"rendered":"Presidenta Bachelet destac\u00f3 objetivos comunes con Paraguay para \u201cseguir modernizando nuestros pa\u00edses\u201d"},"content":{"rendered":"<p><img loading=\"lazy\" decoding=\"async\"  alt=\"\" src=\"http:\/\/www.gobiernodechile.cl\/App_UI\/viewFotografiaContenido.aspx?idArticulo=28172\" class=\"alignleft\" width=\"363\" height=\"180\" \/ class=\"alignleft\" style=\"margin-right:15px;margin-bottom:10px;float:left;\" >La Presidenta de la Rep\u00fablica, Michelle Bachelet, manifest\u00f3 a su llegada a Asunci\u00f3n, Paraguay, que su Visita Oficial a este pa\u00eds \u00abtiene como prop\u00f3sito seguir cooperando y trabajando l\u00edneas que tienen que ver con los objetivos comunes que tenemos con el Presidente Lugo, de seguir modernizando nuestros pa\u00edses y el progreso de cada uno de nuestros habitantes, que puedan tener m\u00e1s bienestar y m\u00e1s dignidad\u00bb.<\/p>\n<p><!--more--><\/p>\n<p>Se\u00f1al\u00f3 que se trata de la cuarta visita a Paraguay en lo que va su mandato, resaltando que en este tiempo ambos pa\u00edses han estado trabajando en l\u00edneas de cooperaci\u00f3n prioritarias, \u00aben \u00e1reas en que Chile tiene una experiencia que quiere compartir con los hermanos paraguayos\u00bb, como protecci\u00f3n social, vivienda, agricultura y salud, junto a otros \u00e1mbitos como la modernizaci\u00f3n del Estado, el apoyo a la gesti\u00f3n p\u00fablica, el capital de recursos humanos y la seguridad p\u00fablica.<\/p>\n<p>A\u00f1adi\u00f3 que muchos otros temas saldr\u00e1n del trabajo binacional, \u00abde evaluaci\u00f3n y de visita en terreno de lo que han sido los avances de nuestra cooperaci\u00f3n\u00bb, precis\u00f3.<\/p>\n<p>La Jefa de Estado adelant\u00f3 que durante su visita tendr\u00e1 oportunidad de intercambiar puntos de vista y planteamientos con el Presidente Fernando Lugo, respecto de temas internacionales de mutua importancia, as\u00ed como tambi\u00e9n sobre la participaci\u00f3n en Mercosur. A\u00f1adi\u00f3 que tambi\u00e9n conversar\u00e1n acerca de \u00ablos desaf\u00edos que tenemos por delante en t\u00e9rminos de integraci\u00f3n y desarrollo arm\u00f3nico para nuestros pueblos\u00bb.<\/p>\n<p>Finalmente, la Presidenta Bachelet destac\u00f3 los antiguos y profundos lazos de unidad entre Chile y Paraguay, subrayando que \u00abtoda nuestra historia hemos tenido una largu\u00edsima tradici\u00f3n de amistad, de hermandad y de afecto por el Paraguay\u00bb.<\/p>\n<p>El jueves, la Mandataria desarrollar\u00e1 una nutrida agenda de actividades, que incluye una reuni\u00f3n bilateral con el Presidente Fernando Lugo, con quien dar\u00e1 el vamos a la Red de Protecci\u00f3n Social: Paraguay para todos.<\/p>\n<p>Asimismo, durante la jornada, la Jefa de Estado intervendr\u00e1 ante el Congreso Nacional de Paraguay y visitar\u00e1 la sede de la Conmebol, donde recibir\u00e1 una distinci\u00f3n.<\/p>\n<p>FUENTE. lanuevaopcion.cl<br \/>\nFUENTE. gobiernodechile.cl<\/p>\n","protected":false},"excerpt":{"rendered":"<p>La Presidenta de la Rep\u00fablica, Michelle Bachelet, manifest\u00f3 a su llegada a Asunci\u00f3n, Paraguay, que su Visita Oficial a este pa\u00eds \u00abtiene como prop\u00f3sito seguir cooperando y trabajando l\u00edneas que tienen que ver con los objetivos comunes que tenemos con el Presidente Lugo, de seguir modernizando nuestros pa\u00edses y el progreso de cada uno de [&hellip;]<\/p>\n","protected":false},"author":1,"featured_media":0,"comment_status":"open","ping_status":"open","sticky":false,"template":"","format":"standard","meta":{"footnotes":""},"categories":[5],"tags":[1630],"class_list":["post-3303","post","type-post","status-publish","format-standard","hentry","category-internacional","tag-internacional"],"_links":{"self":[{"href":"http:\/\/www.lanuevaopcion.cl\/index.php?rest_route=\/wp\/v2\/posts\/3303","targetHints":{"allow":["GET"]}}],"collection":[{"href":"http:\/\/www.lanuevaopcion.cl\/index.php?rest_route=\/wp\/v2\/posts"}],"about":[{"href":"http:\/\/www.lanuevaopcion.cl\/index.php?rest_route=\/wp\/v2\/types\/post"}],"author":[{"embeddable":true,"href":"http:\/\/www.lanuevaopcion.cl\/index.php?rest_route=\/wp\/v2\/users\/1"}],"replies":[{"embeddable":true,"href":"http:\/\/www.lanuevaopcion.cl\/index.php?rest_route=%2Fwp%2Fv2%2Fcomments&post=3303"}],"version-history":[{"count":1,"href":"http:\/\/www.lanuevaopcion.cl\/index.php?rest_route=\/wp\/v2\/posts\/3303\/revisions"}],"predecessor-version":[{"id":3304,"href":"http:\/\/www.lanuevaopcion.cl\/index.php?rest_route=\/wp\/v2\/posts\/3303\/revisions\/3304"}],"wp:attachment":[{"href":"http:\/\/www.lanuevaopcion.cl\/index.php?rest_route=%2Fwp%2Fv2%2Fmedia&parent=3303"}],"wp:term":[{"taxonomy":"category","embeddable":true,"href":"http:\/\/www.lanuevaopcion.cl\/index.php?rest_route=%2Fwp%2Fv2%2Fcategories&post=3303"},{"taxonomy":"post_tag","embeddable":true,"href":"http:\/\/www.lanuevaopcion.cl\/index.php?rest_route=%2Fwp%2Fv2%2Ftags&post=3303"}],"curies":[{"name":"wp","href":"https:\/\/api.w.org\/{rel}","templated":true}]}}