{"id":3288,"date":"2009-07-22T09:39:13","date_gmt":"2009-07-22T12:39:13","guid":{"rendered":"http:\/\/www.lanuevaopcion.cl\/?p=3288"},"modified":"2009-07-22T09:39:13","modified_gmt":"2009-07-22T12:39:13","slug":"tvn-se-abre-a-debatir-rol-protagonico-de-doggenweiler-en-campana-de-enriquez","status":"publish","type":"post","link":"http:\/\/www.lanuevaopcion.cl\/?p=3288","title":{"rendered":"TVN se abre a debatir rol protag\u00f3nico de Doggenweiler en campa\u00f1a de Enr\u00edquez"},"content":{"rendered":"<p><img loading=\"lazy\" decoding=\"async\"  alt=\"\" src=\"http:\/\/static.latercera.com\/200907\/446587_400.jpg\" class=\"alignleft\" width=\"400\" height=\"263\" \/ class=\"alignleft\" style=\"margin-right:15px;margin-bottom:10px;float:left;\" >El activo rol de Karen Doggenweiler en la campa\u00f1a de Marco Enr\u00edquez-Ominami cobr\u00f3 relevancia ayer, luego que uno de los vicepresidentes de la DC, Andr\u00e9s Palma, aludiera a ese factor en radio Cooperativa. \u00abCreo que es un dato de su campa\u00f1a y es una ventaja (que \u00e9l tiene)\u00bb, sostuvo el ex diputado, en referencia a la alta exposici\u00f3n que tiene la animadora de TVN en Pelot\u00f3n, programa que promedia 25 puntos de rating. <\/p>\n<p><!--more--><\/p>\n<p>\u00abEn la campa\u00f1a de (Ronald) Reagan, no pod\u00edan pasar en TV pel\u00edculas en las que apareciera \u00e9l\u00bb, record\u00f3 Palma. \u00abHay pa\u00edses m\u00e1s civilizados en sus normas democr\u00e1ticas, donde se ponen muy firmes respecto de los minutos que aparecen los candidatos en los noticiarios, porque eso de alguna manera es incidir en la decisi\u00f3n de la gente\u00bb, ejemplific\u00f3 despu\u00e9s.<\/p>\n<p>\u00abHe escuchado cr\u00edticas\u00bb, sentencia el vocero y presidente del directorio, Mario Papi, quien aclara que a\u00fan no se ha recibido ning\u00fan reclamo formal al respecto.<\/p>\n<p>\u00abEl tema no est\u00e1 en tabla para la sesi\u00f3n de este jueves (ma\u00f1ana). Por cierto que si se formalizan las cr\u00edticas o se formulan reclamos ante el directorio vamos a discutir el tema. Es lo que corresponde\u00bb, a\u00f1ade el militante del PRSD.<\/p>\n<p>Pese a todo, varios miembros del directorio de TVN sostienen que es inevitable que su situaci\u00f3n sea revisada por esa instancia, por los eventuales conflictos de intereses que podr\u00edan configurarse.<\/p>\n<p>En todo caso, en junio, cuando el reality Pelot\u00f3n reci\u00e9n estaba en pantalla, la animadora recibi\u00f3 recomendaciones del director del programa, Nicol\u00e1s Quesille. Altas fuentes de la red estatal aseguran que los consejos apuntaban a cuidar su imagen, no politizarse en exceso y evitar entrar en conflictos pol\u00edticos p\u00fablicos.<\/p>\n<p>Doggenweiler, por su parte, ha intentado dar muestras de cautela. \u00abMe he cuidado de no hablar de otros candidatos\u00bb, ha dicho, pese a que en una ocasi\u00f3n respondi\u00f3 a la esposa de Ricardo Lagos, Luisa Dur\u00e1n, cuando \u00e9sta trat\u00f3 de machista a Enr\u00edquez.<\/p>\n<p>La animadora s\u00ed ha tenido una alta presencia medi\u00e1tica por su condici\u00f3n de esposa de un presidenciable, ya sea en entrevistas a distintos medios de comunicaci\u00f3n y en las constantes salidas a terreno del parlamentario.<\/p>\n<p>En este contexto, algunos integrantes del directorio de TVN comparan este escenario con el que enfrent\u00f3 en su momento la periodista Consuelo Saavedra, a quien se le sugiri\u00f3 no presentar notas de econom\u00eda luego que su marido, Andr\u00e9s Velasco, asumiera el Ministerio de Hacienda.<\/p>\n<p>Las declaraciones de Palma encontraron respuesta en Enr\u00edquez. \u00abSi quieren amenazar a mi esposa, d\u00edganlo claramente\u00bb, sostuvo, tras presentar su progama de gobierno en materia cultural.<\/p>\n<p>LOS C\u00c1LCULOS DEL COMANDO<br \/>\nEl \u00abfactor Doggenweiler\u00bb es un tema recurrente en el comando de Enr\u00edquez, donde afirman que ella ha mantenido el equilibrio que ha mantenido entre su rol como rostro de TVN y su participaci\u00f3n en la campa\u00f1a.<\/p>\n<p>En t\u00e9rminos electorales, en el entorno del diputado sostienen que la presencia de la animadora en terreno se fortalecer\u00e1 en la recta final de la campa\u00f1a. Y que su despliegue se focalizar\u00e1 a sacar r\u00e9ditos a su llegada con los estratos medios y bajos y las zonas rurales, dos flancos d\u00e9biles del candidato en las encuestas.<\/p>\n<p>La idea -dicen en el comando- es replicar el aporte que hizo en las parlamentarias de 2005, cuando Enr\u00edquez fue elegido con un 34% de los votos en Quillota. Ah\u00ed destac\u00f3 por su cercan\u00eda con el mundo femenino y el trato \u00abpersonalizado\u00bb con los electores.<\/p>\n<p>FUENTE. LA TERCERA.COM<br \/>\nFOTO LA TERCERA.COM<\/p>\n","protected":false},"excerpt":{"rendered":"<p>El activo rol de Karen Doggenweiler en la campa\u00f1a de Marco Enr\u00edquez-Ominami cobr\u00f3 relevancia ayer, luego que uno de los vicepresidentes de la DC, Andr\u00e9s Palma, aludiera a ese factor en radio Cooperativa. \u00abCreo que es un dato de su campa\u00f1a y es una ventaja (que \u00e9l tiene)\u00bb, sostuvo el ex diputado, en referencia a [&hellip;]<\/p>\n","protected":false},"author":1,"featured_media":0,"comment_status":"open","ping_status":"open","sticky":false,"template":"","format":"standard","meta":{"footnotes":""},"categories":[16],"tags":[1628],"class_list":["post-3288","post","type-post","status-publish","format-standard","hentry","category-nacional","tag-uncategorized"],"_links":{"self":[{"href":"http:\/\/www.lanuevaopcion.cl\/index.php?rest_route=\/wp\/v2\/posts\/3288","targetHints":{"allow":["GET"]}}],"collection":[{"href":"http:\/\/www.lanuevaopcion.cl\/index.php?rest_route=\/wp\/v2\/posts"}],"about":[{"href":"http:\/\/www.lanuevaopcion.cl\/index.php?rest_route=\/wp\/v2\/types\/post"}],"author":[{"embeddable":true,"href":"http:\/\/www.lanuevaopcion.cl\/index.php?rest_route=\/wp\/v2\/users\/1"}],"replies":[{"embeddable":true,"href":"http:\/\/www.lanuevaopcion.cl\/index.php?rest_route=%2Fwp%2Fv2%2Fcomments&post=3288"}],"version-history":[{"count":1,"href":"http:\/\/www.lanuevaopcion.cl\/index.php?rest_route=\/wp\/v2\/posts\/3288\/revisions"}],"predecessor-version":[{"id":3289,"href":"http:\/\/www.lanuevaopcion.cl\/index.php?rest_route=\/wp\/v2\/posts\/3288\/revisions\/3289"}],"wp:attachment":[{"href":"http:\/\/www.lanuevaopcion.cl\/index.php?rest_route=%2Fwp%2Fv2%2Fmedia&parent=3288"}],"wp:term":[{"taxonomy":"category","embeddable":true,"href":"http:\/\/www.lanuevaopcion.cl\/index.php?rest_route=%2Fwp%2Fv2%2Fcategories&post=3288"},{"taxonomy":"post_tag","embeddable":true,"href":"http:\/\/www.lanuevaopcion.cl\/index.php?rest_route=%2Fwp%2Fv2%2Ftags&post=3288"}],"curies":[{"name":"wp","href":"https:\/\/api.w.org\/{rel}","templated":true}]}}