{"id":29822,"date":"2026-03-04T11:23:27","date_gmt":"2026-03-04T11:23:27","guid":{"rendered":"http:\/\/www.lanuevaopcion.cl\/?p=29822"},"modified":"2026-03-04T11:23:27","modified_gmt":"2026-03-04T11:23:27","slug":"%e2%80%9ces-creer-que-la-gente-es-estupida%e2%80%9d-checho-hirane-apunto-al-responsable-en-el-%e2%80%9cquiebre%e2%80%9d-entre-boric-y-kast","status":"publish","type":"post","link":"http:\/\/www.lanuevaopcion.cl\/?p=29822","title":{"rendered":"\u201cEs creer que la gente es est\u00fapida\u201d: Checho Hirane apunt\u00f3 al responsable en el \u201cquiebre\u201d entre Boric y Kast"},"content":{"rendered":"<p><img loading=\"lazy\" decoding=\"async\"  alt=\"\" src=\"https:\/\/www.lacuarta.com\/resizer\/v2\/YWBM6GRZOBEMRBCSJGSJJANNJI.jpg?auth=7a4c6a83d3dd48abc273802d62ea23fca84b195adb4602d88503f6215e5d492a&#038;smart=true&#038;width=375&#038;height=211&#038;quality=70\" class=\"alignleft\" width=\"375\" height=\"211\" \/ class=\"alignleft\" style=\"margin-right:15px;margin-bottom:10px;float:left;\" ><br \/>\nEste martes todo se derrumb\u00f3 entre Gabriel Boric y Jos\u00e9 Antonio Kast, a solo d\u00edas de que el Presidente de la Rep\u00fablica termine su periodo y le entregue el poder al mandatario electo.<\/p>\n<p>El l\u00edder del Partido Republicano lleg\u00f3 hasta La Moneda para una reuni\u00f3n con el Ejecutivo, donde el tema central fue el controvertido proyecto de cable submarino entre Chile y China, que ha tensionado las relaciones con Estados Unidos.<br \/>\n<!--more--><br \/>\nPero en menos de 20 minutos la conversaci\u00f3n ya hab\u00eda terminado de forma abrupta. Kast sali\u00f3 del palacio presidencial apuntando en contra de Boric, a quien inst\u00f3 para que se retractara por unas declaraciones previas.<\/p>\n<p>En medio del pol\u00e9mico \u201cquiebre presidencial\u201d, quien no se qued\u00f3 fuera de la discusi\u00f3n fue Checho Hirane, quien en los micr\u00f3fonos de radio Agricultura sali\u00f3 a respaldar a JAK.<\/p>\n<p>\u201cSi hay algo que me saca de las casillas es la mentira p\u00fablica. Cuando un Presidente frente a toda la naci\u00f3n se siente con el derecho de mentirle a la gente, es creer que la gente es est\u00fapida\u201d, parti\u00f3 se\u00f1alando.<\/p>\n<p>No le cree a Boric<br \/>\nPara el humorista, el Presidente en ejercicio est\u00e1 mintiendo en su versi\u00f3n, y conf\u00eda en que no fue advertido de manera clara sobre las implicancias de este caso.<\/p>\n<p>\u201cMuchas veces, est\u00e1 a la vista que est\u00e1 mintiendo\u201d, asegur\u00f3 Hirane. Adem\u00e1s, asegur\u00f3 que tiene un stand up enumerando los supuestos enga\u00f1os de la administraci\u00f3n de Boric.<\/p>\n<p>\u201cEste es un Gobierno que debe tener el r\u00e9cord de mentiras. Kast dice con honestidad que efectivamente se mencion\u00f3 el punto, usa la palabra mencionar y no informar\u201d, a\u00f1adi\u00f3.<\/p>\n<p>Para cerrar, el comunicador coment\u00f3: \u201cEl punto es que no tenemos confianza en el actual Gobierno\u2019: eso resume el punto de prensa de Kast y le creo el 100%, no le tengo ninguna confianza a este Gobierno\u201d.<br \/>\nhttps:\/\/www.lacuarta.com\/chile\/noticia\/es-creer-que-la-gente-es-estupida-checho-hirane-apunto-al-responsable-en-el-quiebre-entre-boric-y-kast\/<br \/>\nFUENTE. LA CUARTA.COM<br \/>\n,MEDIO DE DIFUSION, SIN FIN DE LUCRO ALGUNO <\/p>\n","protected":false},"excerpt":{"rendered":"<p>Este martes todo se derrumb\u00f3 entre Gabriel Boric y Jos\u00e9 Antonio Kast, a solo d\u00edas de que el Presidente de la Rep\u00fablica termine su periodo y le entregue el poder al mandatario electo. El l\u00edder del Partido Republicano lleg\u00f3 hasta La Moneda para una reuni\u00f3n con el Ejecutivo, donde el tema central fue el controvertido [&hellip;]<\/p>\n","protected":false},"author":51,"featured_media":0,"comment_status":"open","ping_status":"open","sticky":false,"template":"","format":"standard","meta":{"footnotes":""},"categories":[8,9,5,16,1,11],"tags":[205,77,93],"class_list":["post-29822","post","type-post","status-publish","format-standard","hentry","category-cultura","category-educacion","category-internacional","category-nacional","category-uncategorized","category-tendencias","tag-chile","tag-mundo","tag-pais"],"_links":{"self":[{"href":"http:\/\/www.lanuevaopcion.cl\/index.php?rest_route=\/wp\/v2\/posts\/29822","targetHints":{"allow":["GET"]}}],"collection":[{"href":"http:\/\/www.lanuevaopcion.cl\/index.php?rest_route=\/wp\/v2\/posts"}],"about":[{"href":"http:\/\/www.lanuevaopcion.cl\/index.php?rest_route=\/wp\/v2\/types\/post"}],"author":[{"embeddable":true,"href":"http:\/\/www.lanuevaopcion.cl\/index.php?rest_route=\/wp\/v2\/users\/51"}],"replies":[{"embeddable":true,"href":"http:\/\/www.lanuevaopcion.cl\/index.php?rest_route=%2Fwp%2Fv2%2Fcomments&post=29822"}],"version-history":[{"count":1,"href":"http:\/\/www.lanuevaopcion.cl\/index.php?rest_route=\/wp\/v2\/posts\/29822\/revisions"}],"predecessor-version":[{"id":29823,"href":"http:\/\/www.lanuevaopcion.cl\/index.php?rest_route=\/wp\/v2\/posts\/29822\/revisions\/29823"}],"wp:attachment":[{"href":"http:\/\/www.lanuevaopcion.cl\/index.php?rest_route=%2Fwp%2Fv2%2Fmedia&parent=29822"}],"wp:term":[{"taxonomy":"category","embeddable":true,"href":"http:\/\/www.lanuevaopcion.cl\/index.php?rest_route=%2Fwp%2Fv2%2Fcategories&post=29822"},{"taxonomy":"post_tag","embeddable":true,"href":"http:\/\/www.lanuevaopcion.cl\/index.php?rest_route=%2Fwp%2Fv2%2Ftags&post=29822"}],"curies":[{"name":"wp","href":"https:\/\/api.w.org\/{rel}","templated":true}]}}