{"id":29712,"date":"2026-01-16T09:00:16","date_gmt":"2026-01-16T09:00:16","guid":{"rendered":"http:\/\/www.lanuevaopcion.cl\/?p=29712"},"modified":"2026-01-16T09:00:16","modified_gmt":"2026-01-16T09:00:16","slug":"antigua-animadora-chilena-se-suma-contra-julio-iglesias-el-cantante-la-beso-%e2%80%9ca-la-fuerza%e2%80%9d-y-salio-llorando-del-set","status":"publish","type":"post","link":"http:\/\/www.lanuevaopcion.cl\/?p=29712","title":{"rendered":"Antigua animadora chilena se suma contra Julio Iglesias: El cantante la bes\u00f3 \u201ca la fuerza\u201d y sali\u00f3 llorando del set"},"content":{"rendered":"<p><img loading=\"lazy\" decoding=\"async\"  alt=\"\" src=\"https:\/\/www.lacuarta.com\/resizer\/v2\/Z3BTFTGAL5B7DGISFL4XHHEDAA.png?auth=3a7218197e3ea76ee908767e409fcf66ac0b516fa3119f549e638d5258ae936a&#038;smart=true&#038;width=375&#038;height=211&#038;quality=70\" class=\"alignleft\" width=\"375\" height=\"211\" \/ class=\"alignleft\" style=\"margin-right:15px;margin-bottom:10px;float:left;\" ><br \/>\nEntre 1981 y 1993, Pilar Cox fue uno de los rostros m\u00e1s reconocidos de la televisi\u00f3n chilena. Condujo espacios de alto impacto como Martes 13, actu\u00f3 en teleseries y destac\u00f3 como entrevistadora, rol que la llev\u00f3 a conversar con grandes figuras internacionales, entre ellas Julio Iglesias, en el apogeo de su fama.<\/p>\n<p>En conversaci\u00f3n con El Mundo ahora explic\u00f3 que el primer encuentro profesional con el artista, realizado en Brasil, transcurri\u00f3 sin incidentes. Y en esa experiencia inicial, Cox lo recuerda como cercano y cordial, aunque con una actitud seductora que no cruz\u00f3 l\u00edmites.}<br \/>\n<!--more--><br \/>\nLa situaci\u00f3n, asegura, cambi\u00f3 radicalmente en un segundo encuentro, esta vez en Chile y en pleno programa de televisi\u00f3n.<\/p>\n<p>Durante esa grabaci\u00f3n, el cantante se habr\u00eda puesto de pie, se acerc\u00f3 a ella y le dio un beso en los labios. Cox intent\u00f3 esquivar el gesto ofreciendo la mejilla, pero, seg\u00fan su testimonio, Iglesias insisti\u00f3 y la abraz\u00f3 contra su voluntad. Ella sali\u00f3 del set llorando, en un episodio que qued\u00f3 registrado por las c\u00e1maras.<\/p>\n<p>Pese a que la escena fue grabada, la animadora explica que durante m\u00e1s de 30 a\u00f1os no pudo verbalizar p\u00fablicamente lo que sinti\u00f3. Reci\u00e9n en agosto del a\u00f1o pasado se atrevi\u00f3 a decir en pantalla que se hab\u00eda sentido \u201cagredida\u201d, sin imaginar que meses despu\u00e9s suceder\u00eda la denuncia contra Iglesias.<\/p>\n<p>\u201cGuard\u00e9 silencio por verg\u00fcenza y miedo\u201d, ha explicado en entrevistas recientes. En ese entonces estaba casada, ten\u00eda hijos peque\u00f1os y tem\u00eda que el episodio fuera malinterpretado, con consecuencias personales y legales. Seg\u00fan Cox, el contexto de la \u00e9poca, marcado por una cultura profundamente machista, la dej\u00f3 sin apoyo y sin herramientas para defenderse.<\/p>\n<p>La exconductora explic\u00f3 que, tras el incidente, se mantuvo escondida durante cerca de media hora y que luego fue presionada para volver al estudio y cerrar el programa. \u201cNo quer\u00eda seguir, no quer\u00eda nada con \u00e9l\u201d, dijo recordando que incluso recibi\u00f3 flores del cantante, gesto que aument\u00f3 su angustia.<\/p>\n<p>Con el paso de los a\u00f1os, ese episodio se transform\u00f3 en una carga silenciosa. Cox asegura que la humillaci\u00f3n y la culpa la acompa\u00f1aron durante d\u00e9cadas, afectando su vida personal y emocional. \u201cNadie me defendi\u00f3. \u00c9l era Julio Iglesias y yo no\u201d, explic\u00f3.<\/p>\n<p>Pero ahora dice no tener intenci\u00f3n de callar nuevamente y que, si existiera una instancia judicial relacionada con el caso, estar\u00eda dispuesta a sumarse. \u201cQuiero que sepa c\u00f3mo me sent\u00ed\u201d, remarc\u00f3.<\/p>\n<p>Consideren que en el pasado, Pilar Cox ya hab\u00eda revelado que se hab\u00eda sentido \u201cagredida\u201d en su interacci\u00f3n con Iglesias.<br \/>\nhttps:\/\/www.lacuarta.com\/espectaculos\/noticia\/antigua-animadora-chilena-se-suma-contra-julio-iglesias-el-cantante-la-beso-a-la-fuerza-y-salio-llorando-del-set\/<br \/>\nFUENTE. LA CUARTA.COM<br \/>\nMEDIO DE DIFUSION, SIN FIN DE LUCRO ALGUNO <\/p>\n","protected":false},"excerpt":{"rendered":"<p>Entre 1981 y 1993, Pilar Cox fue uno de los rostros m\u00e1s reconocidos de la televisi\u00f3n chilena. Condujo espacios de alto impacto como Martes 13, actu\u00f3 en teleseries y destac\u00f3 como entrevistadora, rol que la llev\u00f3 a conversar con grandes figuras internacionales, entre ellas Julio Iglesias, en el apogeo de su fama. En conversaci\u00f3n con [&hellip;]<\/p>\n","protected":false},"author":51,"featured_media":0,"comment_status":"open","ping_status":"open","sticky":false,"template":"","format":"standard","meta":{"footnotes":""},"categories":[8,5,11],"tags":[138,77],"class_list":["post-29712","post","type-post","status-publish","format-standard","hentry","category-cultura","category-internacional","category-tendencias","tag-espectaculo","tag-mundo"],"_links":{"self":[{"href":"http:\/\/www.lanuevaopcion.cl\/index.php?rest_route=\/wp\/v2\/posts\/29712","targetHints":{"allow":["GET"]}}],"collection":[{"href":"http:\/\/www.lanuevaopcion.cl\/index.php?rest_route=\/wp\/v2\/posts"}],"about":[{"href":"http:\/\/www.lanuevaopcion.cl\/index.php?rest_route=\/wp\/v2\/types\/post"}],"author":[{"embeddable":true,"href":"http:\/\/www.lanuevaopcion.cl\/index.php?rest_route=\/wp\/v2\/users\/51"}],"replies":[{"embeddable":true,"href":"http:\/\/www.lanuevaopcion.cl\/index.php?rest_route=%2Fwp%2Fv2%2Fcomments&post=29712"}],"version-history":[{"count":1,"href":"http:\/\/www.lanuevaopcion.cl\/index.php?rest_route=\/wp\/v2\/posts\/29712\/revisions"}],"predecessor-version":[{"id":29713,"href":"http:\/\/www.lanuevaopcion.cl\/index.php?rest_route=\/wp\/v2\/posts\/29712\/revisions\/29713"}],"wp:attachment":[{"href":"http:\/\/www.lanuevaopcion.cl\/index.php?rest_route=%2Fwp%2Fv2%2Fmedia&parent=29712"}],"wp:term":[{"taxonomy":"category","embeddable":true,"href":"http:\/\/www.lanuevaopcion.cl\/index.php?rest_route=%2Fwp%2Fv2%2Fcategories&post=29712"},{"taxonomy":"post_tag","embeddable":true,"href":"http:\/\/www.lanuevaopcion.cl\/index.php?rest_route=%2Fwp%2Fv2%2Ftags&post=29712"}],"curies":[{"name":"wp","href":"https:\/\/api.w.org\/{rel}","templated":true}]}}