{"id":29667,"date":"2025-12-17T09:21:48","date_gmt":"2025-12-17T09:21:48","guid":{"rendered":"http:\/\/www.lanuevaopcion.cl\/?p=29667"},"modified":"2025-12-17T09:21:48","modified_gmt":"2025-12-17T09:21:48","slug":"giorgio-jackson-no-lo-deja-pasar-y-reacciona-a-reunion-de-kast-con-milei-apunto-a-primer-%e2%80%9cerror%e2%80%9d-del-futuro-mandatario","status":"publish","type":"post","link":"http:\/\/www.lanuevaopcion.cl\/?p=29667","title":{"rendered":"Giorgio Jackson no lo deja pasar y reacciona a reuni\u00f3n de Kast con Milei: apunt\u00f3 a primer \u201cerror\u201d del futuro mandatario"},"content":{"rendered":"<p><img loading=\"lazy\" decoding=\"async\"  alt=\"\" src=\"https:\/\/www.lacuarta.com\/resizer\/v2\/V4KM3ZXVNRCORO2WQ7C3ANYMQY.jpg?auth=4d43ae1932030860e4844a56fce6b1dcf34f0ce8f2c4ec1673b82f906fc65ba4&#038;smart=true&#038;width=420&#038;height=236&#038;quality=70\" class=\"alignleft\" width=\"420\" height=\"236\" \/ class=\"alignleft\" style=\"margin-right:15px;margin-bottom:10px;float:left;\" ><br \/>\nA dos d\u00edas de derrotar a Jeannette Jara en las elecciones, y convertirse en presidente electo, Jos\u00e9 Antonio Kast viaj\u00f3 a Argentina para reunirse con el Jefe de Estado del vecino pa\u00eds, Javier Milei.<\/p>\n<p>El l\u00edder del Partido Rep\u00fablicano, en su rol de futuro mandatario, cruz\u00f3 la cordillera para empezar de a poco a coordinar algunos aspectos sobre lo que ser\u00e1 la relaci\u00f3n entre ambas naciones.<br \/>\n<!--more--><br \/>\nEn tanto, Kast explic\u00f3 y argument\u00f3 los motivos de su ida a Argentina en sus redes sociales. \u201cEmbarcando rumbo a Buenos Aires para comenzar a anticiparnos en el enorme trabajo de coordinaci\u00f3n que se requiere en materia de seguridad, migraci\u00f3n y reactivaci\u00f3n econ\u00f3mica con Argentina y otros pa\u00edses vecinos\u201d, dijo.<\/p>\n<p>Luego, en el Aeropuerto de Santiago, indic\u00f3 que \u201chay mucho que aprender en Argentina de c\u00f3mo han reducido la inflaci\u00f3n y eso ha permitido bajar la pobreza extrema\u201d.<\/p>\n<p>El posteo de Giorgio Jackson<br \/>\nPor lo mismo, al enterarse de sus declaraciones, uno que no qued\u00f3 indiferente y reaccion\u00f3 de inmediato fue Giorgio Jackson, ex ministro del gobierno de Gabriel Boric.<\/p>\n<p>A trav\u00e9s de su cuenta de Instagram, calific\u00f3 el viaje como un \u201cerror t\u00e1ctico al segundo d\u00eda\u201d.<\/p>\n<p>\u201cMilei genera rechazo en votantes de Kast, contradice idea de \u2018gobierno de emergencia\u2019 y reinstala su rol en la \u2018guerra cultural\u2019 de la red ultraconservadora global\u00bb, plante\u00f3 el otrora diputado.<\/p>\n<p>Luego, enumer\u00f3 algunos aspectos para argumentar su postura.<\/p>\n<p>\u201c1. Chile tiene 3.4% de inflaci\u00f3n anual, Argentina m\u00e1s del 30%. 2. Chile viene disminuyendo la pobreza desde 1990, no s\u00e9 si necesita lecciones desde Argentina\u201d, escribi\u00f3 en la mencionada plataform virtual.<br \/>\nhttps:\/\/www.lacuarta.com\/chile\/noticia\/giorgio-jackson-no-lo-deja-pasar-y-reacciona-a-reunion-de-kast-con-milei-apunto-a-primer-error-del-futuro-mandatario\/<br \/>\nFUENTE.LA CUARTA.COM<br \/>\nMEDIO DE DIFUSION, SIN FIN DE LUCRO <\/p>\n","protected":false},"excerpt":{"rendered":"<p>A dos d\u00edas de derrotar a Jeannette Jara en las elecciones, y convertirse en presidente electo, Jos\u00e9 Antonio Kast viaj\u00f3 a Argentina para reunirse con el Jefe de Estado del vecino pa\u00eds, Javier Milei. El l\u00edder del Partido Rep\u00fablicano, en su rol de futuro mandatario, cruz\u00f3 la cordillera para empezar de a poco a coordinar [&hellip;]<\/p>\n","protected":false},"author":51,"featured_media":0,"comment_status":"open","ping_status":"open","sticky":false,"template":"","format":"standard","meta":{"footnotes":""},"categories":[8,7,4,9,5,16,30,1,31,11],"tags":[19,205],"class_list":["post-29667","post","type-post","status-publish","format-standard","hentry","category-cultura","category-deporte","category-economia","category-educacion","category-internacional","category-nacional","category-policial","category-uncategorized","category-salud","category-tendencias","tag-add-new-tag","tag-chile"],"_links":{"self":[{"href":"http:\/\/www.lanuevaopcion.cl\/index.php?rest_route=\/wp\/v2\/posts\/29667","targetHints":{"allow":["GET"]}}],"collection":[{"href":"http:\/\/www.lanuevaopcion.cl\/index.php?rest_route=\/wp\/v2\/posts"}],"about":[{"href":"http:\/\/www.lanuevaopcion.cl\/index.php?rest_route=\/wp\/v2\/types\/post"}],"author":[{"embeddable":true,"href":"http:\/\/www.lanuevaopcion.cl\/index.php?rest_route=\/wp\/v2\/users\/51"}],"replies":[{"embeddable":true,"href":"http:\/\/www.lanuevaopcion.cl\/index.php?rest_route=%2Fwp%2Fv2%2Fcomments&post=29667"}],"version-history":[{"count":1,"href":"http:\/\/www.lanuevaopcion.cl\/index.php?rest_route=\/wp\/v2\/posts\/29667\/revisions"}],"predecessor-version":[{"id":29668,"href":"http:\/\/www.lanuevaopcion.cl\/index.php?rest_route=\/wp\/v2\/posts\/29667\/revisions\/29668"}],"wp:attachment":[{"href":"http:\/\/www.lanuevaopcion.cl\/index.php?rest_route=%2Fwp%2Fv2%2Fmedia&parent=29667"}],"wp:term":[{"taxonomy":"category","embeddable":true,"href":"http:\/\/www.lanuevaopcion.cl\/index.php?rest_route=%2Fwp%2Fv2%2Fcategories&post=29667"},{"taxonomy":"post_tag","embeddable":true,"href":"http:\/\/www.lanuevaopcion.cl\/index.php?rest_route=%2Fwp%2Fv2%2Ftags&post=29667"}],"curies":[{"name":"wp","href":"https:\/\/api.w.org\/{rel}","templated":true}]}}