{"id":29663,"date":"2025-12-15T09:44:24","date_gmt":"2025-12-15T09:44:24","guid":{"rendered":"http:\/\/www.lanuevaopcion.cl\/?p=29663"},"modified":"2025-12-15T09:44:24","modified_gmt":"2025-12-15T09:44:24","slug":"el-%e2%80%9crecordatorio%e2%80%9d-de-boric-a-kast-tras-abultado-triunfo-en-las-elecciones-presidente-electo-sorprendio-con-revelacion","status":"publish","type":"post","link":"http:\/\/www.lanuevaopcion.cl\/?p=29663","title":{"rendered":"El \u201crecordatorio\u201d de Boric a Kast tras abultado triunfo en las elecciones: presidente electo sorprendi\u00f3 con revelaci\u00f3n"},"content":{"rendered":"<p><img loading=\"lazy\" decoding=\"async\"  alt=\"\" src=\"https:\/\/www.lacuarta.com\/resizer\/v2\/WMMOUJLOMNBUHEQ4CYGGVIXXIY.jpg?auth=a8956b2d0d459f13ebb158b4c9ab6136ea62d99504cb453be253e4def1067253&#038;smart=true&#038;width=420&#038;height=236&#038;quality=70\" class=\"alignleft\" width=\"420\" height=\"236\" \/ class=\"alignleft\" style=\"margin-right:15px;margin-bottom:10px;float:left;\" ><br \/>\nTal como suele ocurrir en estas instancias, Gabriel Boric llam\u00f3 a Jos\u00e9 Antonio Kast para felicitarlo por su triunfo en las elecciones presidenciales de este domingo.<\/p>\n<p>A menos de dos horas despu\u00e9s del cierre de las mesas, el actual mandatario llam\u00f3 al presidente electo luego de su contundente triunfo sobre Jeannette Jara en el balotaje.<br \/>\n<!--more--><br \/>\n\u201cLe presento mis felicitaciones porque ha tenido un triunfo claro\u201d, le dijo de entrada el Jefe de Estado en un llamado que fue transmitido por televisi\u00f3n.<\/p>\n<p>Adem\u00e1s, tras recordarle la \u201cgran responsabilidad\u201d que asumir\u00e1 desde el pr\u00f3ximo 11 de marzo, d\u00eda en el que asuma el cargo, le recalc\u00f3 que \u201csiempre estar\u00e9 a disposici\u00f3n para poder colaborar con los destinos de la Patria\u201d.<\/p>\n<p>La conversaci\u00f3n<br \/>\nPosteriormente, Jos\u00e9 Antonio Kast valor\u00f3 las palabras de Boric, pese a la serie de cr\u00edticas y \u201cpalos\u201d que le tir\u00f3 a lo largo de su candidatura.<\/p>\n<p>Sin ir m\u00e1s lejos, expres\u00f3 que su inter\u00e9s es \u201crecuperar la paz entre nosotros\u201d, y que espera que sea una \u201cuna transici\u00f3n muy ordenada y respetuosa\u201d.<\/p>\n<p>\u201cMe interesar\u00eda contar con sus opiniones, y mirada de lo que es el pa\u00eds\u201d, le dijo en el llamado el l\u00edder del Partido Republicano.<\/p>\n<p>\u201cEstoy muy orgulloso de la democracia, independiente de quienes est\u00e9n tristes y de quienes celebren\u201d, agreg\u00f3 Boric antes de cerrar el contacto el \u201cacto republicano\u201d.<br \/>\nhttps:\/\/www.lacuarta.com\/chile\/noticia\/el-recordatorio-de-boric-a-kast-tras-abultado-triunfo-en-las-elecciones-presidente-electo-sorprendio-con-revelacion\/<br \/>\nFUENTE. LA CUARTA.COM<br \/>\nMEDIO DE DIFUSION, SIN FIN DE LUCRO <\/p>\n","protected":false},"excerpt":{"rendered":"<p>Tal como suele ocurrir en estas instancias, Gabriel Boric llam\u00f3 a Jos\u00e9 Antonio Kast para felicitarlo por su triunfo en las elecciones presidenciales de este domingo. A menos de dos horas despu\u00e9s del cierre de las mesas, el actual mandatario llam\u00f3 al presidente electo luego de su contundente triunfo sobre Jeannette Jara en el balotaje.<\/p>\n","protected":false},"author":51,"featured_media":0,"comment_status":"open","ping_status":"open","sticky":false,"template":"","format":"standard","meta":{"footnotes":""},"categories":[8,7,4,9,5,16,30,1,31,11],"tags":[205,1599],"class_list":["post-29663","post","type-post","status-publish","format-standard","hentry","category-cultura","category-deporte","category-economia","category-educacion","category-internacional","category-nacional","category-policial","category-uncategorized","category-salud","category-tendencias","tag-chile","tag-presidentekast2026cl"],"_links":{"self":[{"href":"http:\/\/www.lanuevaopcion.cl\/index.php?rest_route=\/wp\/v2\/posts\/29663","targetHints":{"allow":["GET"]}}],"collection":[{"href":"http:\/\/www.lanuevaopcion.cl\/index.php?rest_route=\/wp\/v2\/posts"}],"about":[{"href":"http:\/\/www.lanuevaopcion.cl\/index.php?rest_route=\/wp\/v2\/types\/post"}],"author":[{"embeddable":true,"href":"http:\/\/www.lanuevaopcion.cl\/index.php?rest_route=\/wp\/v2\/users\/51"}],"replies":[{"embeddable":true,"href":"http:\/\/www.lanuevaopcion.cl\/index.php?rest_route=%2Fwp%2Fv2%2Fcomments&post=29663"}],"version-history":[{"count":1,"href":"http:\/\/www.lanuevaopcion.cl\/index.php?rest_route=\/wp\/v2\/posts\/29663\/revisions"}],"predecessor-version":[{"id":29664,"href":"http:\/\/www.lanuevaopcion.cl\/index.php?rest_route=\/wp\/v2\/posts\/29663\/revisions\/29664"}],"wp:attachment":[{"href":"http:\/\/www.lanuevaopcion.cl\/index.php?rest_route=%2Fwp%2Fv2%2Fmedia&parent=29663"}],"wp:term":[{"taxonomy":"category","embeddable":true,"href":"http:\/\/www.lanuevaopcion.cl\/index.php?rest_route=%2Fwp%2Fv2%2Fcategories&post=29663"},{"taxonomy":"post_tag","embeddable":true,"href":"http:\/\/www.lanuevaopcion.cl\/index.php?rest_route=%2Fwp%2Fv2%2Ftags&post=29663"}],"curies":[{"name":"wp","href":"https:\/\/api.w.org\/{rel}","templated":true}]}}