{"id":29661,"date":"2025-12-12T09:46:51","date_gmt":"2025-12-12T09:46:51","guid":{"rendered":"http:\/\/www.lanuevaopcion.cl\/?p=29661"},"modified":"2025-12-12T09:46:51","modified_gmt":"2025-12-12T09:46:51","slug":"%e2%80%9c%c2%a1tu-has-dicho-que-es-nazi-que-es-hipocrita%e2%80%9c-encaran-en-vivo-a-ivan-moreira-por-%e2%80%9dvoltereta-con-jose-antonio-kast","status":"publish","type":"post","link":"http:\/\/www.lanuevaopcion.cl\/?p=29661","title":{"rendered":"\u201c\u00a1T\u00fa has dicho que es nazi, que es hip\u00f3crita!\u201c: Encaran en vivo a Iv\u00e1n Moreira por \u201dvoltereta\u00bb con Jos\u00e9 Antonio Kast"},"content":{"rendered":"<p><img loading=\"lazy\" decoding=\"async\"  alt=\"\" src=\"https:\/\/www.lacuarta.com\/resizer\/v2\/WJ4RFG3NKRGHDGNNNBMZNWUBMU.jpg?auth=92967fb914f88c8d215e91251f0a0937dce49be148b346b53719c3f4803d39c8&#038;smart=true&#038;width=375&#038;height=211&#038;quality=70\" class=\"alignleft\" width=\"375\" height=\"211\" \/ class=\"alignleft\" style=\"margin-right:15px;margin-bottom:10px;float:left;\" ><br \/>\nEl senador de la UDI, Iv\u00e1n Moreira, tuvo que dar explicaciones en pantalla por defender la candidatura de Jos\u00e9 Antonio Kast, pese a recientes e incendiarios dardos en su contra.<\/p>\n<p>Moreira se gan\u00f3 titulares cuando despotricaba sin filtro en contra del l\u00edder del Partido Republicano, principalmente por su postura frente a la crisis en Gaza. Incluso llamaba a \u201cnunca m\u00e1s\u201d votar por Kast.<br \/>\n<!--more--><br \/>\nSin embargo, ahora aparece en medios respaldando al abanderado de la derecha y as\u00ed se lo enrostr\u00f3 en vivo el senador Juan Luis Castro (PS), en pleno matinal Tu D\u00eda (Canal 13).<\/p>\n<p>\u201cPero Iv\u00e1n, si t\u00fa has atacado duramente a Kast en el pasado reciente. T\u00fa pides un nivel de confianza por tu candidato, y t\u00fa has dicho que es nazi, que es hip\u00f3crita, que es mala leche, que nunca m\u00e1s hay que llamar a votar por Kast&#8230;\u201d, le lanz\u00f3 el socialista.<\/p>\n<p>Los dardos de Moreira contra Kast.<br \/>\nQu\u00e9 dijo Moreira sobre su apoyo a Kast<br \/>\nEl hist\u00f3rico gremialista dijo saber que le iban a sacar en cara el asunto. Reconoci\u00f3 que s\u00ed se enfrent\u00f3 a Kast por el tema palestino, pero afirm\u00f3 que \u201cse le pas\u00f3 la mano\u201d.<\/p>\n<p>\u201cTe la voy a contestar al tiro. Yo soy un hombre apasionado por una causa, que es la causa palestina y en eso he sido una persona de una sola l\u00ednea\u201d, parti\u00f3 explicando.<\/p>\n<p>\u201cIndudablemente se me pas\u00f3 la mano, yo reconozco eso, con ciertos ep\u00edtetos que yo dije sobre Jos\u00e9 Antonio Kast\u201d, jur\u00f3.<\/p>\n<p>\u201cPero hoy d\u00eda lo que importa es el pa\u00eds, no la disputa que yo pueda tener con \u00e9l&#8230; o que tuve. Pero la pol\u00edtica es sin rencor y \u00e9l tambi\u00e9n lo ha entendido as\u00ed y ahora estamos m\u00e1s que en la buena\u201d, garantiz\u00f3 el congresista.<\/p>\n<p>Cabre recordar que Moreira no solo cargaba contra Kast por el conflicto palestino. Tambi\u00e9n lo reprend\u00eda por el fracaso del segundo proceso constitucional, entre otros temas.<br \/>\nhttps:\/\/www.lacuarta.com\/espectaculos\/noticia\/tu-has-dicho-que-es-nazi-que-es-hipocrita-encaran-en-vivo-a-ivan-moreira-por-voltereta-con-jose-antonio-kast\/<br \/>\nFUENTE. LA CUARTA.COM<br \/>\nMEDIO DE DIFUSION, SIN FIN DE LUCRO ALGUNO <\/p>\n","protected":false},"excerpt":{"rendered":"<p>El senador de la UDI, Iv\u00e1n Moreira, tuvo que dar explicaciones en pantalla por defender la candidatura de Jos\u00e9 Antonio Kast, pese a recientes e incendiarios dardos en su contra. Moreira se gan\u00f3 titulares cuando despotricaba sin filtro en contra del l\u00edder del Partido Republicano, principalmente por su postura frente a la crisis en Gaza. [&hellip;]<\/p>\n","protected":false},"author":51,"featured_media":0,"comment_status":"open","ping_status":"open","sticky":false,"template":"","format":"standard","meta":{"footnotes":""},"categories":[8,4,9,5,16,30,1,31,11],"tags":[205,1450],"class_list":["post-29661","post","type-post","status-publish","format-standard","hentry","category-cultura","category-economia","category-educacion","category-internacional","category-nacional","category-policial","category-uncategorized","category-salud","category-tendencias","tag-chile","tag-elecciones-2025"],"_links":{"self":[{"href":"http:\/\/www.lanuevaopcion.cl\/index.php?rest_route=\/wp\/v2\/posts\/29661","targetHints":{"allow":["GET"]}}],"collection":[{"href":"http:\/\/www.lanuevaopcion.cl\/index.php?rest_route=\/wp\/v2\/posts"}],"about":[{"href":"http:\/\/www.lanuevaopcion.cl\/index.php?rest_route=\/wp\/v2\/types\/post"}],"author":[{"embeddable":true,"href":"http:\/\/www.lanuevaopcion.cl\/index.php?rest_route=\/wp\/v2\/users\/51"}],"replies":[{"embeddable":true,"href":"http:\/\/www.lanuevaopcion.cl\/index.php?rest_route=%2Fwp%2Fv2%2Fcomments&post=29661"}],"version-history":[{"count":1,"href":"http:\/\/www.lanuevaopcion.cl\/index.php?rest_route=\/wp\/v2\/posts\/29661\/revisions"}],"predecessor-version":[{"id":29662,"href":"http:\/\/www.lanuevaopcion.cl\/index.php?rest_route=\/wp\/v2\/posts\/29661\/revisions\/29662"}],"wp:attachment":[{"href":"http:\/\/www.lanuevaopcion.cl\/index.php?rest_route=%2Fwp%2Fv2%2Fmedia&parent=29661"}],"wp:term":[{"taxonomy":"category","embeddable":true,"href":"http:\/\/www.lanuevaopcion.cl\/index.php?rest_route=%2Fwp%2Fv2%2Fcategories&post=29661"},{"taxonomy":"post_tag","embeddable":true,"href":"http:\/\/www.lanuevaopcion.cl\/index.php?rest_route=%2Fwp%2Fv2%2Ftags&post=29661"}],"curies":[{"name":"wp","href":"https:\/\/api.w.org\/{rel}","templated":true}]}}