{"id":29659,"date":"2025-12-11T09:05:11","date_gmt":"2025-12-11T09:05:11","guid":{"rendered":"http:\/\/www.lanuevaopcion.cl\/?p=29659"},"modified":"2025-12-11T09:05:11","modified_gmt":"2025-12-11T09:05:11","slug":"ex-miau-astral-impacta-con-presagio-sobre-elecciones-%e2%80%9cinformacion-oculta%e2%80%9d-y-episodio-que-podria-%e2%80%9cremecer%e2%80%9d-el-resultado","status":"publish","type":"post","link":"http:\/\/www.lanuevaopcion.cl\/?p=29659","title":{"rendered":"Ex Miau Astral impacta con presagio sobre elecciones: \u201cinformaci\u00f3n oculta\u201d y episodio que podr\u00eda \u201cremecer\u201d el resultado"},"content":{"rendered":"<p><img loading=\"lazy\" decoding=\"async\"  alt=\"\" src=\"https:\/\/www.lacuarta.com\/resizer\/v2\/EY3SUAOAPNF27BPDUVKW67VLUU.jpg?auth=aa21560aa64b7079383a4cd87d45e8085d0c6f0625b37b788fd74f7b3a60d2b4&#038;smart=true&#038;width=420&#038;height=236&#038;quality=70\" class=\"alignleft\" width=\"420\" height=\"236\" \/ class=\"alignleft\" style=\"margin-right:15px;margin-bottom:10px;float:left;\" ><br \/>\nTal como estaba programado, este martes se llev\u00f3 a cabo el \u00faltimo debate entre Jeannette Jara y Jos\u00e9 Antonio Kast, de cara a la segunda vuelta de las elecciones presidenciales de este domingo.<\/p>\n<p>Y pese a que las encuentas apuntan a que la carta del partido republicano aventaja por un amplio margen a la candidata del oficialismo, reci\u00e9n este domingo se sabr\u00e1 si los sondeos coinciden con los sondeos previos.<br \/>\n<!--more--><br \/>\nCon todo ese contexto, quien analiz\u00f3 lo que ocurrir\u00e1 este fin de semana en las urnas es Consuelo Ulloa, ex Miau Astral. A cuatro d\u00edas del balotaje, se la jug\u00f3 y revel\u00f3 sin titubear qui\u00e9n se pondr\u00e1 la banda presidencial el pr\u00f3xio 11 de marzo.<\/p>\n<p>\u201cEste fin de semana est\u00e1 interesante astrol\u00f3gicamente. Tenemos ya la salida completa de toda la influencia del Mercurio retr\u00f3grado de la elecci\u00f3n pasada, que trajo sorpresas, verdades, cambios y movimientos en todo lo que ha significado el llevar esta segunda vuelta. No obstante, veo el triunfo marcado de Jos\u00e9 Antonio Kast, comparando los tr\u00e1nsitos astrol\u00f3gicos de ambos candidatos\u201d, explic\u00f3 la astr\u00f3loga en charla con La Cuarta.<\/p>\n<p>Santiago 9 de diciembre 2025. Los candidatos Jeannette Jara y Jose Antonio Kast participan el debate presidencial, organizado por la Asociacion Nacional de Television. Dragomir Yankovic\/Aton Chile DRAGOMIR YANKOVIC\/ATON CHILE<br \/>\nY en esa misma l\u00ednea, entreg\u00f3 algunos argumentos que sostienen sus dichos. \u201cAstrol\u00f3gicamente Kast, Capricornio de Sol, est\u00e1 viviendo dos momentos muy importantes en su carta natal: el segundo retorno de Saturno, un tr\u00e1nsito que le ocurre a todas las personas entre los 59 y 61 a\u00f1os. Este es un per\u00edodo de cosecha y de adquisici\u00f3n de una posici\u00f3n de autoridad, que implica asumir responsabilidades concretas, no solo discursivas, porque est\u00e1 en el signo de Piscis\u201d, plante\u00f3.<\/p>\n<p>Adem\u00e1s, recalc\u00f3 que \u201ctambi\u00e9n Plut\u00f3n est\u00e1 muy cerca de la Venus natal de Jos\u00e9 Antonio Kast, lo que muestra un tr\u00e1nsito de transformaci\u00f3n de su imagen en la esfera p\u00fablica. Este tr\u00e1nsito habla de popularidad y poder, y estar\u00e1 fuerte en su carta astral los pr\u00f3ximos 7 a\u00f1os. Esto puede coincidir con mucho m\u00e1s que ser Presidente de Chile\u201d.<\/p>\n<p>&#8211; Al mirar las encuestas, algunas indican que podr\u00eda haber mucha diferencia entre ambos candidatos en t\u00e9rminos de porcentaje\u2026. \u00bfSe puede ver algo de eso en los presagios?<\/p>\n<p>&#8211; Esta elecci\u00f3n s\u00ed tendr\u00e1 un elemento sorpresivo a partir de la informaci\u00f3n que traiga, lo que de segur\u00f3 ser\u00e1 a trav\u00e9s de los porcentajes, porque la fuerza de las energ\u00edas de lo imprevisible est\u00e1n muy fuertes en esta elecci\u00f3n. Mercurio, el planeta de la comunicaci\u00f3n, informaci\u00f3n y transmisi\u00f3n de ideas estar\u00e1 opuesto perfectamente al planeta Urano (crisis, revoluciones, cambios sorpresivos) ese d\u00eda. Esto nos dir\u00e1 que tendremos informaci\u00f3n oculta revelada que transformar\u00e1 todas las alianzas pol\u00edticas existentes.<\/p>\n<p>&#8211; \u00bfC\u00f3mo as\u00ed?<\/p>\n<p>&#8211; Hay algo que se levant\u00f3 en la primera vuelta que har\u00e1 un eco muy alto debido a la diferencia de los resultados. Hay una forma en la que conceb\u00edamos el poder en el espectro de la izquierda-derecha que se est\u00e1 armando de otra forma, que est\u00e1 transformando por completo las identificaciones pol\u00edticas. El Nodo sur de Chile est\u00e1 indicando que hay algo que se disuelve del c\u00f3mo se llevaba el poder que comienza el catorce de diciembre.<\/p>\n<p>&#8211; \u00bfSe ve una carrera ya ganada o podr\u00edan haber sorpresas?<\/p>\n<p>&#8211; Creo que lo sucedido en el \u00faltimo debate es una manifestaci\u00f3n de este tr\u00e1nsito sorpresivo de Mercurio y Urano: se hacen evidentes cosas que no se pod\u00edan ver tan claramente en ambos candidatos. Aparecieron incoherencias en programas, discursos y n\u00fameros, por sobre todo, que pueden remecer un poco el resultado del domingo.<\/p>\n<p>&#8211; La \u00faltima vez que hablamos mencionaste que los pr\u00f3ximos a\u00f1os ser\u00e1 para una especie de reordenamiento, pero tambi\u00e9n de \u201ccaos\u201d\u2026 \u00bfa qu\u00e9 te refieres con eso?<\/p>\n<p>&#8211; Los pr\u00f3ximos a\u00f1os Chile vivir\u00e1 el tr\u00e1nsito de Urano, el planeta del cambio, sobre la Luna natal de nuestra carta astral como pa\u00eds, que est\u00e1 en el signo de G\u00e9minis. Esto es un evento que ocurre cada 84 a\u00f1os, por lo que la \u00faltima vez que lo vivimos fue en 1942, a\u00f1o en que asumi\u00f3 Juan Antonio R\u00edos como presidente. Ese a\u00f1o se dieron elecciones presidenciales sorpresivas por la muerte de Pedro Aguirre Cerda, tambi\u00e9n luego de muchos a\u00f1os de inestabilidad pol\u00edtica. El paso de Urano por G\u00e9minis coincidi\u00f3 tambi\u00e9n con la Segunda Guerra Mundial que gener\u00f3 un alto impacto en el mundo.<\/p>\n<p>&#8211; \u00bfPodr\u00edan ocurrir cosas parecidas?<\/p>\n<p>&#8211; Es posible que los pr\u00f3ximos a\u00f1os vivamos situaciones similares, a nivel de inestabilidad por contextos externos (guerras o crisis), o por cambios s\u00fabitos en la vida, probablemente por la migraci\u00f3n y la llegada del narco. Es posible que tambi\u00e9n veamos inestabilidad en el plano de la legitimidad de qui\u00e9n nos gobierna por sus decisiones ante estos problemas. Quien gobierne Chile deber\u00e1 enfrentarse a tener que cuestionarse constantemente o fallar\u00e1 por autoritario.<\/p>\n<p>&#8211; Mucho se habla de que eventuamente podr\u00edan venir nuevas manifestaciones sociales\u2026 \u00bftendr\u00e1 algo que ver con eso?<\/p>\n<p>&#8211; S\u00ed, creo que es altamente posible que vivamos alg\u00fan grado de protesta social porque el pr\u00f3ximo presidente de Chile vivir\u00e1 demasiado cuestionamiento, demasiado. Veo posible mucha represi\u00f3n y mucha violencia en los pr\u00f3ximos a\u00f1os, pero no como un estallido social, sino que hechos para enfrentar la legitimidad de quien gobierna.<\/p>\n<p>&#8211; \u00bfQu\u00e9 le depara a Chile -y al mundo- en 2026? \u00bfHay algo que se pueda ver o adelantar?<\/p>\n<p>&#8211; El 2026 ser\u00e1 un a\u00f1o de comienzo luego de un 2025 marcado por los finales. Vamos saliendo de un a\u00f1o del Ermita\u00f1o muy profundo, en donde dejimos atr\u00e1s muchas viejas cosas que ya no nos quedan bien. Tuvimos un ensayo de los nuevos ropajes y caminos en agosto de este a\u00f1o, y lo volveremos a sentir a partir de febrero. Estamos iniciando una nueva etapa en todos los sentidos y necesitaremos tener la capacidad de integrar y ver m\u00e1s all\u00e1 de la sola idea de la izquierda-derecha.<br \/>\nhttps:\/\/www.lacuarta.com\/chile\/noticia\/ex-miau-astral-impacta-con-presagio-sobre-elecciones-informacion-oculta-y-episodio-que-podria-remecer-el-resultado\/<br \/>\nFUENTE. LA CUARTA.COM<br \/>\nMEDIO DE DIFUSION , SIN FIN DDE LUCRO ALGUNO <\/p>\n","protected":false},"excerpt":{"rendered":"<p>Tal como estaba programado, este martes se llev\u00f3 a cabo el \u00faltimo debate entre Jeannette Jara y Jos\u00e9 Antonio Kast, de cara a la segunda vuelta de las elecciones presidenciales de este domingo. Y pese a que las encuentas apuntan a que la carta del partido republicano aventaja por un amplio margen a la candidata [&hellip;]<\/p>\n","protected":false},"author":51,"featured_media":0,"comment_status":"open","ping_status":"open","sticky":false,"template":"","format":"standard","meta":{"footnotes":""},"categories":[8,4,9,5,16,30,1,31,11],"tags":[205,1450,1598],"class_list":["post-29659","post","type-post","status-publish","format-standard","hentry","category-cultura","category-economia","category-educacion","category-internacional","category-nacional","category-policial","category-uncategorized","category-salud","category-tendencias","tag-chile","tag-elecciones-2025","tag-presagio"],"_links":{"self":[{"href":"http:\/\/www.lanuevaopcion.cl\/index.php?rest_route=\/wp\/v2\/posts\/29659","targetHints":{"allow":["GET"]}}],"collection":[{"href":"http:\/\/www.lanuevaopcion.cl\/index.php?rest_route=\/wp\/v2\/posts"}],"about":[{"href":"http:\/\/www.lanuevaopcion.cl\/index.php?rest_route=\/wp\/v2\/types\/post"}],"author":[{"embeddable":true,"href":"http:\/\/www.lanuevaopcion.cl\/index.php?rest_route=\/wp\/v2\/users\/51"}],"replies":[{"embeddable":true,"href":"http:\/\/www.lanuevaopcion.cl\/index.php?rest_route=%2Fwp%2Fv2%2Fcomments&post=29659"}],"version-history":[{"count":1,"href":"http:\/\/www.lanuevaopcion.cl\/index.php?rest_route=\/wp\/v2\/posts\/29659\/revisions"}],"predecessor-version":[{"id":29660,"href":"http:\/\/www.lanuevaopcion.cl\/index.php?rest_route=\/wp\/v2\/posts\/29659\/revisions\/29660"}],"wp:attachment":[{"href":"http:\/\/www.lanuevaopcion.cl\/index.php?rest_route=%2Fwp%2Fv2%2Fmedia&parent=29659"}],"wp:term":[{"taxonomy":"category","embeddable":true,"href":"http:\/\/www.lanuevaopcion.cl\/index.php?rest_route=%2Fwp%2Fv2%2Fcategories&post=29659"},{"taxonomy":"post_tag","embeddable":true,"href":"http:\/\/www.lanuevaopcion.cl\/index.php?rest_route=%2Fwp%2Fv2%2Ftags&post=29659"}],"curies":[{"name":"wp","href":"https:\/\/api.w.org\/{rel}","templated":true}]}}