{"id":29657,"date":"2025-12-10T11:39:11","date_gmt":"2025-12-10T11:39:11","guid":{"rendered":"http:\/\/www.lanuevaopcion.cl\/?p=29657"},"modified":"2025-12-10T11:39:11","modified_gmt":"2025-12-10T11:39:11","slug":"kaiser-niega-su-propio-programa-y-acusa-a-jara-de-mentir-en-debate-anatel-candidata-estuvo-en-lo-correcto","status":"publish","type":"post","link":"http:\/\/www.lanuevaopcion.cl\/?p=29657","title":{"rendered":"Kaiser niega su propio programa y acusa a Jara de mentir en debate Anatel: Candidata estuvo en lo correcto"},"content":{"rendered":"<p><img loading=\"lazy\" decoding=\"async\"  alt=\"\" src=\"https:\/\/www.lacuarta.com\/resizer\/v2\/YZJR62VJOFBNZPRVWNYYWL6RWE.png?auth=09224e028ee207226f16fc71234aa8b45ef8af774b303177630ed35f07ca502c&#038;smart=true&#038;width=420&#038;height=236&#038;quality=70\" class=\"alignleft\" width=\"420\" height=\"236\" \/ class=\"alignleft\" style=\"margin-right:15px;margin-bottom:10px;float:left;\" ><br \/>\nEl excandidato Johannes Kaiser acus\u00f3 a la candidata presidencial Jeannette Jara de falsear su afirmaci\u00f3n sobre migraci\u00f3n.<\/p>\n<p>Durante el debate, la exministra dijo a Kast que su aliado propon\u00eda empadronar a extranjeros irregulares y le exigi\u00f3 definirse.<\/p>\n<p>\u201cF\u00edjate que Kaiser, que te apoya, tambi\u00e9n en su programa propone un empadronamiento\u2026\u201d, sostuvo Jara en vivo.<br \/>\n<!--more--><br \/>\nPosteriormente, Kaiser reaccion\u00f3 en sus redes sociales se\u00f1alando: \u201cJara miente, de nuevo. En mi programa no se propuso jam\u00e1s un empadronamiento\u2026\u201d.<\/p>\n<p>Sin embargo, como consta en Radio Biob\u00edo, el documento oficial de su candidatura s\u00ed lo contempla en el apartado migratorio del texto presentado en campa\u00f1a.<\/p>\n<p>En la p\u00e1gina 87 se detallaba que el control fronterizo deb\u00eda incluir un registro para crear una base de datos propia.<\/p>\n<p>\u201cSer\u00e1 necesario, por tanto, el empadronamiento de inmigrantes en nuestras fronteras\u2026\u201d, dice el programa divulgado.<\/p>\n<p>El texto precisa que esta labor deb\u00eda recaer en Interior y Seguridad como parte de una estrategia coordinada.<\/p>\n<p>El siguiente fue el mensaje de Kaiser:<br \/>\nhttps:\/\/www.lacuarta.com\/chile\/noticia\/kaiser-niega-su-propio-programa-y-acusa-a-jara-de-mentir-en-debate-anatel-candidata-estuvo-en-lo-correcto\/<br \/>\nFUENTE. LA CUARTA.COM<br \/>\nMEDIO DE DIFUSION, SIN FIN DE LUCRO ALGUNO <\/p>\n","protected":false},"excerpt":{"rendered":"<p>El excandidato Johannes Kaiser acus\u00f3 a la candidata presidencial Jeannette Jara de falsear su afirmaci\u00f3n sobre migraci\u00f3n. Durante el debate, la exministra dijo a Kast que su aliado propon\u00eda empadronar a extranjeros irregulares y le exigi\u00f3 definirse. \u201cF\u00edjate que Kaiser, que te apoya, tambi\u00e9n en su programa propone un empadronamiento\u2026\u201d, sostuvo Jara en vivo.<\/p>\n","protected":false},"author":51,"featured_media":0,"comment_status":"open","ping_status":"open","sticky":false,"template":"","format":"standard","meta":{"footnotes":""},"categories":[8,4,9,5,16,30,1,31,11],"tags":[801,205,1450],"class_list":["post-29657","post","type-post","status-publish","format-standard","hentry","category-cultura","category-economia","category-educacion","category-internacional","category-nacional","category-policial","category-uncategorized","category-salud","category-tendencias","tag-anatel","tag-chile","tag-elecciones-2025"],"_links":{"self":[{"href":"http:\/\/www.lanuevaopcion.cl\/index.php?rest_route=\/wp\/v2\/posts\/29657","targetHints":{"allow":["GET"]}}],"collection":[{"href":"http:\/\/www.lanuevaopcion.cl\/index.php?rest_route=\/wp\/v2\/posts"}],"about":[{"href":"http:\/\/www.lanuevaopcion.cl\/index.php?rest_route=\/wp\/v2\/types\/post"}],"author":[{"embeddable":true,"href":"http:\/\/www.lanuevaopcion.cl\/index.php?rest_route=\/wp\/v2\/users\/51"}],"replies":[{"embeddable":true,"href":"http:\/\/www.lanuevaopcion.cl\/index.php?rest_route=%2Fwp%2Fv2%2Fcomments&post=29657"}],"version-history":[{"count":1,"href":"http:\/\/www.lanuevaopcion.cl\/index.php?rest_route=\/wp\/v2\/posts\/29657\/revisions"}],"predecessor-version":[{"id":29658,"href":"http:\/\/www.lanuevaopcion.cl\/index.php?rest_route=\/wp\/v2\/posts\/29657\/revisions\/29658"}],"wp:attachment":[{"href":"http:\/\/www.lanuevaopcion.cl\/index.php?rest_route=%2Fwp%2Fv2%2Fmedia&parent=29657"}],"wp:term":[{"taxonomy":"category","embeddable":true,"href":"http:\/\/www.lanuevaopcion.cl\/index.php?rest_route=%2Fwp%2Fv2%2Fcategories&post=29657"},{"taxonomy":"post_tag","embeddable":true,"href":"http:\/\/www.lanuevaopcion.cl\/index.php?rest_route=%2Fwp%2Fv2%2Ftags&post=29657"}],"curies":[{"name":"wp","href":"https:\/\/api.w.org\/{rel}","templated":true}]}}