{"id":29653,"date":"2025-12-09T10:45:43","date_gmt":"2025-12-09T10:45:43","guid":{"rendered":"http:\/\/www.lanuevaopcion.cl\/?p=29653"},"modified":"2025-12-09T10:46:58","modified_gmt":"2025-12-09T10:46:58","slug":"%e2%80%9cque-mas-voy-a-esperar-de-una-comunista%e2%80%9d-marcelo-%e2%80%9cchino%e2%80%9d-rios-sin-filtro-contra-jeannette-jara","status":"publish","type":"post","link":"http:\/\/www.lanuevaopcion.cl\/?p=29653","title":{"rendered":"\u201cQu\u00e9 m\u00e1s voy a esperar de una comunista\u201d: Marcelo \u201cChino\u201d R\u00edos sin filtro contra Jeannette Jara"},"content":{"rendered":"<p><img loading=\"lazy\" decoding=\"async\"  alt=\"\" src=\"https:\/\/www.lacuarta.com\/resizer\/v2\/JAQ3MVDRFRE63HX5AB56GAYXPQ.jpg?auth=6dcef5057b2d6e5c7dbf8977851165a02b31c55f9cb1c5bd9e1fa8f9159582b0&#038;smart=true&#038;width=420&#038;height=236&#038;quality=70\" class=\"alignleft\" width=\"420\" height=\"236\" \/ class=\"alignleft\" style=\"margin-right:15px;margin-bottom:10px;float:left;\" ><br \/>\nMarcelo \u201cChino\u201d R\u00edos volvi\u00f3 a arremeter contra Jeannette Jara, tras la respuesta de la candidata a la presidencia a la burla del extenista en redes sociales.<\/p>\n<p>Todo comenz\u00f3 hace unos d\u00edas cuando R\u00edos comparti\u00f3 una imagen donde comparaba a la exministra con el comediante Ernesto Belloni. \u201c\u00bfCambiamos el pa\u00eds con gente capacitada y con ganas de ver crecer Chile, o seguimos en la misma mierda pero con diferentes payasos?\u201c, escribi\u00f3 el otrora n\u00famero 1 del mundo.<br \/>\n<!--more--><br \/>\nEn una conversaci\u00f3n con Sabes durante su paso por la Regi\u00f3n del Biob\u00edo, la candidata presidencial fue consultada con respecto a la burla del extenista.<\/p>\n<p>Si bien se\u00f1al\u00f3 que no ha visto la publicaci\u00f3n en cuesti\u00f3n, Jeannette Jara afirm\u00f3 que \u201cse equivoca Marcelo, hace tiempo que se est\u00e1 equivocando (&#8230;.) Desconozco lo que dijo Marcelo R\u00edos, creo que hace tiempo viene dando la hora, ha tenido un mont\u00f3n de conflictos, y ha dado mal imagen de los chilenos en Estados Unidos\u201d.<\/p>\n<p>\u201cM\u00e1s all\u00e1 de eso, cosa de \u00e9l, creo que a veces las palabras cuando son as\u00ed tan groseras respecto de otra persona, habla m\u00e1s de qui\u00e9n las emite que de qui\u00e9n las recibe\u201d, sentenci\u00f3 la candidata del oficialismo.<\/p>\n<p>Chino R\u00edos se lanz\u00f3 en picada contra Jeannette Jara<br \/>\nLos dichos de Jeannette Jara no pasaron desapercibidos para el Chino R\u00edos, quien nuevamente se lanz\u00f3 en picada contra la candidata en redes sociales.<\/p>\n<p>En su cuenta de Instagram, el extenista comparti\u00f3 una fotograf\u00eda de la exministra y arremeti\u00f3 con todo. \u201cMe encantar\u00eda saber qu\u00e9 mont\u00f3n de conflictos en Estados Unidos he tenido como dice esta se\u00f1ora\u201d, escribi\u00f3 R\u00edos.<\/p>\n<p>\u201cQu\u00e9 f\u00e1cil es vivir hablando mentiras y huevadas sin tener idea de nada y menos no informarse antes de hablar. Qu\u00e9 m\u00e1s voy a esperar de una comunista, gobernar un pa\u00eds quiere la cara de raja\u201d, dispar\u00f3 el extenista.<br \/>\nhttps:\/\/www.lacuarta.com\/chile\/noticia\/que-mas-voy-a-esperar-de-una-comunista-marcelo-chino-rios-sin-filtro-contra-jeannette-jara\/<br \/>\nFUENTE. LA CUARTA.COM<br \/>\nMEDIO DE DIFUSION, SIN FIN DE LCURO ALGUNO <\/p>\n","protected":false},"excerpt":{"rendered":"<p>Marcelo \u201cChino\u201d R\u00edos volvi\u00f3 a arremeter contra Jeannette Jara, tras la respuesta de la candidata a la presidencia a la burla del extenista en redes sociales. Todo comenz\u00f3 hace unos d\u00edas cuando R\u00edos comparti\u00f3 una imagen donde comparaba a la exministra con el comediante Ernesto Belloni. \u201c\u00bfCambiamos el pa\u00eds con gente capacitada y con ganas [&hellip;]<\/p>\n","protected":false},"author":51,"featured_media":0,"comment_status":"open","ping_status":"open","sticky":false,"template":"","format":"standard","meta":{"footnotes":""},"categories":[7,9,5,16,1,11],"tags":[205],"class_list":["post-29653","post","type-post","status-publish","format-standard","hentry","category-deporte","category-educacion","category-internacional","category-nacional","category-uncategorized","category-tendencias","tag-chile"],"_links":{"self":[{"href":"http:\/\/www.lanuevaopcion.cl\/index.php?rest_route=\/wp\/v2\/posts\/29653","targetHints":{"allow":["GET"]}}],"collection":[{"href":"http:\/\/www.lanuevaopcion.cl\/index.php?rest_route=\/wp\/v2\/posts"}],"about":[{"href":"http:\/\/www.lanuevaopcion.cl\/index.php?rest_route=\/wp\/v2\/types\/post"}],"author":[{"embeddable":true,"href":"http:\/\/www.lanuevaopcion.cl\/index.php?rest_route=\/wp\/v2\/users\/51"}],"replies":[{"embeddable":true,"href":"http:\/\/www.lanuevaopcion.cl\/index.php?rest_route=%2Fwp%2Fv2%2Fcomments&post=29653"}],"version-history":[{"count":3,"href":"http:\/\/www.lanuevaopcion.cl\/index.php?rest_route=\/wp\/v2\/posts\/29653\/revisions"}],"predecessor-version":[{"id":29655,"href":"http:\/\/www.lanuevaopcion.cl\/index.php?rest_route=\/wp\/v2\/posts\/29653\/revisions\/29655"}],"wp:attachment":[{"href":"http:\/\/www.lanuevaopcion.cl\/index.php?rest_route=%2Fwp%2Fv2%2Fmedia&parent=29653"}],"wp:term":[{"taxonomy":"category","embeddable":true,"href":"http:\/\/www.lanuevaopcion.cl\/index.php?rest_route=%2Fwp%2Fv2%2Fcategories&post=29653"},{"taxonomy":"post_tag","embeddable":true,"href":"http:\/\/www.lanuevaopcion.cl\/index.php?rest_route=%2Fwp%2Fv2%2Ftags&post=29653"}],"curies":[{"name":"wp","href":"https:\/\/api.w.org\/{rel}","templated":true}]}}