{"id":29651,"date":"2025-12-05T04:39:32","date_gmt":"2025-12-05T04:39:32","guid":{"rendered":"http:\/\/www.lanuevaopcion.cl\/?p=29651"},"modified":"2025-12-05T04:39:32","modified_gmt":"2025-12-05T04:39:32","slug":"pamela-jiles-arremete-contra-jara-y-le-enrostra-%e2%80%9cpitutos%e2%80%9d-del-pc-candidata-la-desmintio-y-le-lanzo-palito","status":"publish","type":"post","link":"http:\/\/www.lanuevaopcion.cl\/?p=29651","title":{"rendered":"Pamela Jiles arremete contra Jara y le enrostra \u201cpitutos\u201d del PC: candidata la desminti\u00f3 y le lanz\u00f3 palito"},"content":{"rendered":"<p><img loading=\"lazy\" decoding=\"async\"  alt=\"\" src=\"https:\/\/www.lacuarta.com\/resizer\/v2\/JXZJRF4SFFEJJGE3XVM2GP3J6Y.jpg?auth=d956a843b774734757a37ddf867a582a72b712a52703317c6d7583158737247e&#038;smart=true&#038;width=420&#038;height=236&#038;quality=70\" class=\"alignleft\" width=\"420\" height=\"236\" \/ class=\"alignleft\" style=\"margin-right:15px;margin-bottom:10px;float:left;\" ><br \/>\nLa candidata Jeannette Jara respondi\u00f3 los directos dardos que en su contra lanz\u00f3 Pamela Jiles respecto de su patrimonio personal.<\/p>\n<p>A trav\u00e9s de redes sociales, la diputada del PDG comparti\u00f3 un extracto donde califica como una \u201cexageraci\u00f3n\u201d cuando Jara habla de su origen humilde y asegura: \u201cNo es pobre hace m\u00e1s de 30 a\u00f1os\u201d.<br \/>\n<!--more--><br \/>\nSeg\u00fan Jiles, Jara no dej\u00f3 de ser pobre \u201cpor la v\u00eda del m\u00e9rito, sino que por la v\u00eda de su militancia pol\u00edtica\u201d.<\/p>\n<p>\u201cElla ha llegado a todos sus trabajos, desde que tiene 25 a\u00f1os, a trav\u00e9s del pituto pol\u00edtico del Partido Comunista\u201d, lanz\u00f3.<\/p>\n<p>La respuesta de Jeannette Jara a Pamela Jiles<br \/>\nConsultada al respecto en Radio B\u00edo B\u00edo, la abanderada del progresismo le hall\u00f3 raz\u00f3n a Jiles en solo un punto.<\/p>\n<p>\u201cBueno, tiene raz\u00f3n en que no soy pobre hace mucho tiempo. Pero, la verdad, todo lo hice antes de meterme a la pol\u00edtica. Esa segunda parte de lo que dice es falsa\u201d, coment\u00f3.<\/p>\n<p>En ese sentido, remarc\u00f3: \u201cMi patrimonio es anterior al 2014, que es cuando me integr\u00e9 con fuerza a la pol\u00edtica\u201d.<\/p>\n<p>La candidata tambi\u00e9n se refiri\u00f3 a c\u00f3mo se relacionar\u00eda con la diputada en su eventual gobierno.<\/p>\n<p>\u201cEs complejo porque uno nunca sabe qu\u00e9 esperar, pero la gente la vota y habr\u00e1 que ver c\u00f3mo nos relacionamos con ella cuando sea presidenta\u201d, indic\u00f3.<\/p>\n<p>En ese contexto, desliz\u00f3 un palito por un comentado voto en contra: \u201cElla tiene amplia legitimidad por los votos, el problema es que uno nunca sabe qu\u00e9 esperar. Por ejemplo, cuando vot\u00f3 en contra de la Reforma Tributaria, que sub\u00eda la PGU, es algo que jam\u00e1s me habr\u00eda imaginado de ella\u201d.<br \/>\nhttps:\/\/www.lacuarta.com\/chile\/noticia\/pamela-jiles-arremete-contra-jara-y-le-enrostra-pitutos-del-pc-candidata-la-desmintio-y-le-lanzo-palito\/<br \/>\nFUENTE. LA CUARTA.COM<br \/>\nMEDIO DE DIFUSION, SIN FIN DE LUCRO ALGUNO<\/p>\n","protected":false},"excerpt":{"rendered":"<p>La candidata Jeannette Jara respondi\u00f3 los directos dardos que en su contra lanz\u00f3 Pamela Jiles respecto de su patrimonio personal. A trav\u00e9s de redes sociales, la diputada del PDG comparti\u00f3 un extracto donde califica como una \u201cexageraci\u00f3n\u201d cuando Jara habla de su origen humilde y asegura: \u201cNo es pobre hace m\u00e1s de 30 a\u00f1os\u201d.<\/p>\n","protected":false},"author":51,"featured_media":0,"comment_status":"open","ping_status":"open","sticky":false,"template":"","format":"standard","meta":{"footnotes":""},"categories":[8,4,9,5,16,30,1,31,11],"tags":[205,1127,1210],"class_list":["post-29651","post","type-post","status-publish","format-standard","hentry","category-cultura","category-economia","category-educacion","category-internacional","category-nacional","category-policial","category-uncategorized","category-salud","category-tendencias","tag-chile","tag-pamela-jiles","tag-pc"],"_links":{"self":[{"href":"http:\/\/www.lanuevaopcion.cl\/index.php?rest_route=\/wp\/v2\/posts\/29651","targetHints":{"allow":["GET"]}}],"collection":[{"href":"http:\/\/www.lanuevaopcion.cl\/index.php?rest_route=\/wp\/v2\/posts"}],"about":[{"href":"http:\/\/www.lanuevaopcion.cl\/index.php?rest_route=\/wp\/v2\/types\/post"}],"author":[{"embeddable":true,"href":"http:\/\/www.lanuevaopcion.cl\/index.php?rest_route=\/wp\/v2\/users\/51"}],"replies":[{"embeddable":true,"href":"http:\/\/www.lanuevaopcion.cl\/index.php?rest_route=%2Fwp%2Fv2%2Fcomments&post=29651"}],"version-history":[{"count":1,"href":"http:\/\/www.lanuevaopcion.cl\/index.php?rest_route=\/wp\/v2\/posts\/29651\/revisions"}],"predecessor-version":[{"id":29652,"href":"http:\/\/www.lanuevaopcion.cl\/index.php?rest_route=\/wp\/v2\/posts\/29651\/revisions\/29652"}],"wp:attachment":[{"href":"http:\/\/www.lanuevaopcion.cl\/index.php?rest_route=%2Fwp%2Fv2%2Fmedia&parent=29651"}],"wp:term":[{"taxonomy":"category","embeddable":true,"href":"http:\/\/www.lanuevaopcion.cl\/index.php?rest_route=%2Fwp%2Fv2%2Fcategories&post=29651"},{"taxonomy":"post_tag","embeddable":true,"href":"http:\/\/www.lanuevaopcion.cl\/index.php?rest_route=%2Fwp%2Fv2%2Ftags&post=29651"}],"curies":[{"name":"wp","href":"https:\/\/api.w.org\/{rel}","templated":true}]}}