{"id":29598,"date":"2025-11-05T05:52:21","date_gmt":"2025-11-05T05:52:21","guid":{"rendered":"http:\/\/www.lanuevaopcion.cl\/?p=29598"},"modified":"2025-11-05T05:52:21","modified_gmt":"2025-11-05T05:52:21","slug":"reportan-grave-denuncia-de-abuso-sexual-contra-diputado-exasesora-acusa-ataques-en-plenas-labores-del-congreso","status":"publish","type":"post","link":"http:\/\/www.lanuevaopcion.cl\/?p=29598","title":{"rendered":"Reportan grave denuncia de abuso sexual contra diputado: exasesora acusa ataques en plenas labores del Congreso"},"content":{"rendered":"<p><img loading=\"lazy\" decoding=\"async\"  alt=\"\" src=\"https:\/\/www.lacuarta.com\/resizer\/v2\/5MFP4JBNA5GYRBTCX2BYRWP4SI.jpg?auth=ec17485284c1f01afc131a7d87afa48b7729c8f69492ee69b4e2cf66349e80a6&#038;smart=true&#038;width=420&#038;height=236&#038;quality=70\" class=\"alignleft\" width=\"420\" height=\"236\" \/ class=\"alignleft\" style=\"margin-right:15px;margin-bottom:10px;float:left;\" ><br \/>\nUna denuncia de abusos sexuales complicar\u00eda al diputado Cosme Mellado Pino. Una exasesora legislativa se querell\u00f3 en su contra por distintos episodios.<\/p>\n<p>Seg\u00fan report\u00f3 Radio ADN, la mujer present\u00f3 la acci\u00f3n judicial en el Juzgado de Garant\u00eda de Valpara\u00edso y en ella se detallan las vulneraciones que habr\u00eda cometido en su contra el parlamentario, militante del Partido Radical.<br \/>\n<!--more--><br \/>\nLos hechos denunciados se remontan a los a\u00f1os 2023 y 2024, donde Mellado habr\u00eda ca\u00eddo en \u201cactitudes degradantes y vulneradoras\u201d de connotaci\u00f3n sexual y abuso de la relaci\u00f3n jer\u00e1rquica.<\/p>\n<p>Diputado Cosme Mellado (Foto de archivo\/Aton)<br \/>\nFuertes detalles<br \/>\nLa denunciante se\u00f1al\u00f3 que un d\u00eda de junio del a\u00f1o pasado, el diputado la tom\u00f3 por la cintura y le lami\u00f3 su oreja \u201cde manera lasciva\u201d, en oficinas del Congreso y sin importarle que la puerta estaba abierta.<\/p>\n<p>Asegu\u00f3 haber quedado paralizada por el shock y con temor a represalias laborales.<\/p>\n<p>En otra ocasi\u00f3n, Mellado habr\u00eda desviado el veh\u00edculo en que ambos viajaban a un sector de moteles mientras le realizaba insinuaciones. Luego la invit\u00f3 a \u201cpasar la noche juntos\u201d.<\/p>\n<p>Al d\u00eda siguiente, seg\u00fan su relato, cuando iban camino a una actividad el congresista puso su mano sobre el muslo de la funcionaria, la apret\u00f3 y la movi\u00f3 hacia su entrepierna, para despu\u00e9s increparla en p\u00fablico.<\/p>\n<p>Tras esos episodios, la funcionaria renunci\u00f3 y luego decidi\u00f3 interponer una querella patrocinada por el Servicio Nacional de la Mujer y la Equidad de G\u00e9nero (SernamEG).<\/p>\n<p>La Fiscal\u00eda confirm\u00f3 al citado medio que la causa se mantiene bajo reserva.<\/p>\n<p>De momento, el diputado Cosme Mellado no se ha referido a la denuncia.<br \/>\nhttps:\/\/www.lacuarta.com\/chile\/noticia\/reportan-grave-denuncia-de-abuso-sexual-contra-diputado-exasesora-acusa-ataques-en-plenas-labores-del-congreso\/<br \/>\nFUENTE. LA CUARTA.COM<br \/>\nMEDIO DE DIFUSION, SIN FIN DE LUCRO ALGUNO<\/p>\n","protected":false},"excerpt":{"rendered":"<p>Una denuncia de abusos sexuales complicar\u00eda al diputado Cosme Mellado Pino. Una exasesora legislativa se querell\u00f3 en su contra por distintos episodios. Seg\u00fan report\u00f3 Radio ADN, la mujer present\u00f3 la acci\u00f3n judicial en el Juzgado de Garant\u00eda de Valpara\u00edso y en ella se detallan las vulneraciones que habr\u00eda cometido en su contra el parlamentario, militante [&hellip;]<\/p>\n","protected":false},"author":51,"featured_media":0,"comment_status":"open","ping_status":"open","sticky":false,"template":"","format":"standard","meta":{"footnotes":""},"categories":[8,9,5,16,30,1,31,11],"tags":[1413,205,376],"class_list":["post-29598","post","type-post","status-publish","format-standard","hentry","category-cultura","category-educacion","category-internacional","category-nacional","category-policial","category-uncategorized","category-salud","category-tendencias","tag-abuso-sexual","tag-chile","tag-diputado"],"_links":{"self":[{"href":"http:\/\/www.lanuevaopcion.cl\/index.php?rest_route=\/wp\/v2\/posts\/29598","targetHints":{"allow":["GET"]}}],"collection":[{"href":"http:\/\/www.lanuevaopcion.cl\/index.php?rest_route=\/wp\/v2\/posts"}],"about":[{"href":"http:\/\/www.lanuevaopcion.cl\/index.php?rest_route=\/wp\/v2\/types\/post"}],"author":[{"embeddable":true,"href":"http:\/\/www.lanuevaopcion.cl\/index.php?rest_route=\/wp\/v2\/users\/51"}],"replies":[{"embeddable":true,"href":"http:\/\/www.lanuevaopcion.cl\/index.php?rest_route=%2Fwp%2Fv2%2Fcomments&post=29598"}],"version-history":[{"count":1,"href":"http:\/\/www.lanuevaopcion.cl\/index.php?rest_route=\/wp\/v2\/posts\/29598\/revisions"}],"predecessor-version":[{"id":29599,"href":"http:\/\/www.lanuevaopcion.cl\/index.php?rest_route=\/wp\/v2\/posts\/29598\/revisions\/29599"}],"wp:attachment":[{"href":"http:\/\/www.lanuevaopcion.cl\/index.php?rest_route=%2Fwp%2Fv2%2Fmedia&parent=29598"}],"wp:term":[{"taxonomy":"category","embeddable":true,"href":"http:\/\/www.lanuevaopcion.cl\/index.php?rest_route=%2Fwp%2Fv2%2Fcategories&post=29598"},{"taxonomy":"post_tag","embeddable":true,"href":"http:\/\/www.lanuevaopcion.cl\/index.php?rest_route=%2Fwp%2Fv2%2Ftags&post=29598"}],"curies":[{"name":"wp","href":"https:\/\/api.w.org\/{rel}","templated":true}]}}