{"id":29589,"date":"2025-10-30T07:32:46","date_gmt":"2025-10-30T07:32:46","guid":{"rendered":"http:\/\/www.lanuevaopcion.cl\/?p=29589"},"modified":"2025-10-30T07:32:46","modified_gmt":"2025-10-30T07:32:46","slug":"desde-francia-98-cual-es-el-origen-de-la-larga-enemistad-entre-antonio-neme-y-harold-mayne-nicholls","status":"publish","type":"post","link":"http:\/\/www.lanuevaopcion.cl\/?p=29589","title":{"rendered":"Desde Francia 98: Cu\u00e1l es el origen de la larga enemistad entre Antonio Neme y Harold Mayne-Nicholls"},"content":{"rendered":"<p><img loading=\"lazy\" decoding=\"async\"  alt=\"\" src=\"https:\/\/www.lacuarta.com\/resizer\/v2\/OEP6PYB6AZGINH4HDHHPOLPI2Q.png?auth=00b7d4cf919937eff58cb1aa62340c5c1b49b636e6503333be4cd0441d1433bb&#038;smart=true&#038;width=420&#038;height=236&#038;quality=70\" class=\"alignleft\" width=\"420\" height=\"236\" \/ class=\"alignleft\" style=\"margin-right:15px;margin-bottom:10px;float:left;\" ><br \/>\nEl candidato independiente Harold Mayne-Nicholls fue denunciado ante Carabineros por el periodista y exconcejal Antonio Neme, quien lo acus\u00f3 de haberlo agredido en el Country Club de La Reina.<\/p>\n<p>Seg\u00fan Neme, el hecho ocurri\u00f3 el martes. Reconoci\u00f3 haber insultado primero al exdirigente de la ANFP, pero asegur\u00f3 que luego fue atacado: \u201cMe golpe\u00f3 fuerte, me peg\u00f3 en el rostro y qued\u00e9 con heridas en el labio. Yo s\u00ed me defend\u00ed tambi\u00e9n\u201d.<br \/>\n<!--more--><br \/>\nMayne-Nicholls confirm\u00f3 la confrontaci\u00f3n, pero sostuvo que el episodio est\u00e1 ligado a una disputa que comenz\u00f3 en 1998, durante el Mundial de Francia.<\/p>\n<p>\u201cDenunci\u00e9 a esta persona por reventa ilegal de entradas en los estadios\u201d, explic\u00f3.<\/p>\n<p>\u201cEn esa \u00e9poca \u00e9l trabajaba en Canal 13 y yo era el jefe de prensa FIFA de la sede Burdeos\u201d, agreg\u00f3.<\/p>\n<p>Seg\u00fan su relato, el il\u00edcito qued\u00f3 registrado en grabaciones. \u201cMi obligaci\u00f3n \u00e9tica y profesional era denunciar este il\u00edcito, del que existen grabaciones\u201d, afirm\u00f3 el candidato.<\/p>\n<p>A\u00f1adi\u00f3 que, tras la denuncia, Neme fue desvinculado de su trabajo y que desde entonces lo ha acosado: \u201cDesde entonces me persigue y acosa realizando publicaciones en mi contra. En este per\u00edodo de campa\u00f1a ha hecho lo mismo en RRSS\u201d.<\/p>\n<p>Sobre el incidente, Mayne-Nicholls relat\u00f3 que fue insultado en los estacionamientos y que el periodista lo golpe\u00f3 con el pu\u00f1o y la puerta del veh\u00edculo, lo que deriv\u00f3 en un forcejeo.<\/p>\n<p>\u201cReitero, desde 1998 esta persona me persigue y provoca porque lo denuncie por estar cometiendo un delito. Yo solamente me defend\u00ed de su intento de golpearme\u201d, sostuvo.<\/p>\n<p>El exdirigente deportivo reconoci\u00f3 que su reacci\u00f3n no fue la adecuada: \u201cEntiendo que no es la forma adecuada de reaccionar de un candidato presidencial y por esta raz\u00f3n extiendo mis disculpas a la ciudadan\u00eda\u201d.<\/p>\n<p>Cabe destacar que el propio Antonio Neme revel\u00f3 que su despido de Canal 13 se concret\u00f3 por \u201cuna canallada\u201d de otros periodistas.<\/p>\n<p>En conversaci\u00f3n con el podcast \u201cTodo va a estar bien\u201c, reconoci\u00f3 que fue acusado de vender entradas para los partidos con un talonario mientras desempe\u00f1aba funciones en Canal 13.<\/p>\n<p>\u201cMi salida de Canal 13 porque lo encontr\u00e9 una cosa sucia, inmoral. Hubo gente muy mala, que minti\u00f3 y lo que m\u00e1s me duele es que las mentiras salieron de mis propios pares, de los periodistas, colegas\u201d, dijo en septiembre de 2024 explicando que manejaba entradas a solicitud de ejecutivos del canal.<\/p>\n<p>\u201cSiempre se me qued\u00f3 un p\u00e1rrafo que dec\u00eda \u2018fuentes al interior de Canal 13 se\u00f1alan que: era habitual ver a Neme con talonarios de entradas\u201d, lament\u00f3 en ese entonces.<br \/>\nhttps:\/\/www.lacuarta.com\/chile\/noticia\/desde-francia-98-cual-es-el-origen-de-la-larga-enemistad-entre-antonio-neme-y-harold-mayne-nicholls\/<br \/>\nFUENTE. LA CUARTA.COM<br \/>\nMEDIO DE DIFUSION, SIN FIN DE LUCRO ALGUNO <\/p>\n","protected":false},"excerpt":{"rendered":"<p>El candidato independiente Harold Mayne-Nicholls fue denunciado ante Carabineros por el periodista y exconcejal Antonio Neme, quien lo acus\u00f3 de haberlo agredido en el Country Club de La Reina. Seg\u00fan Neme, el hecho ocurri\u00f3 el martes. Reconoci\u00f3 haber insultado primero al exdirigente de la ANFP, pero asegur\u00f3 que luego fue atacado: \u201cMe golpe\u00f3 fuerte, me [&hellip;]<\/p>\n","protected":false},"author":51,"featured_media":0,"comment_status":"open","ping_status":"open","sticky":false,"template":"","format":"standard","meta":{"footnotes":""},"categories":[8,7,9,5,16,1,31,11],"tags":[1582,1583],"class_list":["post-29589","post","type-post","status-publish","format-standard","hentry","category-cultura","category-deporte","category-educacion","category-internacional","category-nacional","category-uncategorized","category-salud","category-tendencias","tag-francia-98","tag-presidenciables-2025"],"_links":{"self":[{"href":"http:\/\/www.lanuevaopcion.cl\/index.php?rest_route=\/wp\/v2\/posts\/29589","targetHints":{"allow":["GET"]}}],"collection":[{"href":"http:\/\/www.lanuevaopcion.cl\/index.php?rest_route=\/wp\/v2\/posts"}],"about":[{"href":"http:\/\/www.lanuevaopcion.cl\/index.php?rest_route=\/wp\/v2\/types\/post"}],"author":[{"embeddable":true,"href":"http:\/\/www.lanuevaopcion.cl\/index.php?rest_route=\/wp\/v2\/users\/51"}],"replies":[{"embeddable":true,"href":"http:\/\/www.lanuevaopcion.cl\/index.php?rest_route=%2Fwp%2Fv2%2Fcomments&post=29589"}],"version-history":[{"count":1,"href":"http:\/\/www.lanuevaopcion.cl\/index.php?rest_route=\/wp\/v2\/posts\/29589\/revisions"}],"predecessor-version":[{"id":29590,"href":"http:\/\/www.lanuevaopcion.cl\/index.php?rest_route=\/wp\/v2\/posts\/29589\/revisions\/29590"}],"wp:attachment":[{"href":"http:\/\/www.lanuevaopcion.cl\/index.php?rest_route=%2Fwp%2Fv2%2Fmedia&parent=29589"}],"wp:term":[{"taxonomy":"category","embeddable":true,"href":"http:\/\/www.lanuevaopcion.cl\/index.php?rest_route=%2Fwp%2Fv2%2Fcategories&post=29589"},{"taxonomy":"post_tag","embeddable":true,"href":"http:\/\/www.lanuevaopcion.cl\/index.php?rest_route=%2Fwp%2Fv2%2Ftags&post=29589"}],"curies":[{"name":"wp","href":"https:\/\/api.w.org\/{rel}","templated":true}]}}