{"id":29587,"date":"2025-10-29T12:13:58","date_gmt":"2025-10-29T12:13:58","guid":{"rendered":"http:\/\/www.lanuevaopcion.cl\/?p=29587"},"modified":"2025-10-29T12:13:58","modified_gmt":"2025-10-29T12:13:58","slug":"%e2%80%9cestaba-aterrado-angustiado%e2%80%9d-francisco-reyes-revela-el-gran-temor-de-hector-noguera-sobre-su-pais","status":"publish","type":"post","link":"http:\/\/www.lanuevaopcion.cl\/?p=29587","title":{"rendered":"\u201cEstaba aterrado, angustiado\u201d: Francisco Reyes revela el gran temor de H\u00e9ctor Noguera sobre su pa\u00eds"},"content":{"rendered":"<p><img loading=\"lazy\" decoding=\"async\"  alt=\"\" src=\"https:\/\/www.lacuarta.com\/resizer\/v2\/VWMGUKNUQ5AJZHYEWLPIX5WECM.jpg?auth=7b307ebe1216b2124ddf92e76cc1f5461580df483bbc65c849170b9e20996cc7&#038;smart=true&#038;width=420&#038;height=236&#038;quality=70\" class=\"alignleft\" width=\"420\" height=\"236\" \/ class=\"alignleft\" style=\"margin-right:15px;margin-bottom:10px;float:left;\" ><br \/>\nAltamente preocupado estaba H\u00e9ctor Noguera en el \u00faltimo tiempo por la situaci\u00f3n pol\u00edtica de Chile y tambi\u00e9n en el mundo.<\/p>\n<p>As\u00ed al menos lo coment\u00f3 el actor Francisco Reyes, quien lleg\u00f3 hasta el Campus Oriente de la UC a despedir a su colega fallecido este martes a los 88 a\u00f1os.<br \/>\n<!--more--><br \/>\nEl conocido int\u00e9rprete fue abordado por los medios para conocer su sentir frente a la sensible partida de uno de los m\u00e1s grandes. Elogi\u00f3 su carrera pero tambi\u00e9n su calidad como persona.<\/p>\n<p>Foto: Marcelo Segura<br \/>\nLa preocupaci\u00f3n de H\u00e9ctor Noguera<br \/>\nConsultado por el \u201cHay Que Decirlo\u201d (Canal 13) sobre qu\u00e9 ense\u00f1anzas le transmiti\u00f3 Noguera, Pancho Reyes apunt\u00f3 a la tranquilidad y al car\u00e1cter reflexivo que lo caracterizaba.<\/p>\n<p>\u201cLa calma, la ponderaci\u00f3n. No s\u00e9 si la aprend\u00ed, pero s\u00ed me la ense\u00f1\u00f3. La ecuanimidad, el di\u00e1logo, la reflexi\u00f3n&#8230; En todos los \u00e1mbitos de su vida era de esa forma de actuar\u201d, indic\u00f3 el actor de 71 a\u00f1os.<\/p>\n<p>En ese sentido, asegur\u00f3 que Noguera \u201cestaba \u00faltimamente aterrado porque la gente estaba ansiando autoritarismo en este \u00faltimo tiempo, en el mundo y particularmente en Chile\u201d.<\/p>\n<p>\u201cEstaba tremendamente preocupado y angustiado por aquello\u201d, recalc\u00f3.<\/p>\n<p>Reyes manifest\u00f3 que precisamente el autoritarismo \u201ces exactamente lo contrario a Tito Noguera\u201d y a lo que \u201cense\u00f1\u00f3 a trav\u00e9s de su arte y su forma de ser\u201d.<br \/>\nhttps:\/\/www.lacuarta.com\/espectaculos\/noticia\/estaba-aterrado-angustiado-francisco-reyes-revela-el-gran-temor-de-hector-noguera-sobre-su-pais\/<br \/>\nFUENTE. LA CUARTA.COM<br \/>\nMEDIO DE DIFUSION, SIN FIN DE LICRO ALGUNO <\/p>\n","protected":false},"excerpt":{"rendered":"<p>Altamente preocupado estaba H\u00e9ctor Noguera en el \u00faltimo tiempo por la situaci\u00f3n pol\u00edtica de Chile y tambi\u00e9n en el mundo. As\u00ed al menos lo coment\u00f3 el actor Francisco Reyes, quien lleg\u00f3 hasta el Campus Oriente de la UC a despedir a su colega fallecido este martes a los 88 a\u00f1os.<\/p>\n","protected":false},"author":51,"featured_media":0,"comment_status":"open","ping_status":"open","sticky":false,"template":"","format":"standard","meta":{"footnotes":""},"categories":[8,9,5,16,31,11],"tags":[263,138,1581,566],"class_list":["post-29587","post","type-post","status-publish","format-standard","hentry","category-cultura","category-educacion","category-internacional","category-nacional","category-salud","category-tendencias","tag-actor","tag-espectaculo","tag-hector-noguera","tag-qepd"],"_links":{"self":[{"href":"http:\/\/www.lanuevaopcion.cl\/index.php?rest_route=\/wp\/v2\/posts\/29587","targetHints":{"allow":["GET"]}}],"collection":[{"href":"http:\/\/www.lanuevaopcion.cl\/index.php?rest_route=\/wp\/v2\/posts"}],"about":[{"href":"http:\/\/www.lanuevaopcion.cl\/index.php?rest_route=\/wp\/v2\/types\/post"}],"author":[{"embeddable":true,"href":"http:\/\/www.lanuevaopcion.cl\/index.php?rest_route=\/wp\/v2\/users\/51"}],"replies":[{"embeddable":true,"href":"http:\/\/www.lanuevaopcion.cl\/index.php?rest_route=%2Fwp%2Fv2%2Fcomments&post=29587"}],"version-history":[{"count":1,"href":"http:\/\/www.lanuevaopcion.cl\/index.php?rest_route=\/wp\/v2\/posts\/29587\/revisions"}],"predecessor-version":[{"id":29588,"href":"http:\/\/www.lanuevaopcion.cl\/index.php?rest_route=\/wp\/v2\/posts\/29587\/revisions\/29588"}],"wp:attachment":[{"href":"http:\/\/www.lanuevaopcion.cl\/index.php?rest_route=%2Fwp%2Fv2%2Fmedia&parent=29587"}],"wp:term":[{"taxonomy":"category","embeddable":true,"href":"http:\/\/www.lanuevaopcion.cl\/index.php?rest_route=%2Fwp%2Fv2%2Fcategories&post=29587"},{"taxonomy":"post_tag","embeddable":true,"href":"http:\/\/www.lanuevaopcion.cl\/index.php?rest_route=%2Fwp%2Fv2%2Ftags&post=29587"}],"curies":[{"name":"wp","href":"https:\/\/api.w.org\/{rel}","templated":true}]}}