{"id":29585,"date":"2025-10-28T11:54:07","date_gmt":"2025-10-28T11:54:07","guid":{"rendered":"http:\/\/www.lanuevaopcion.cl\/?p=29585"},"modified":"2025-10-28T11:54:07","modified_gmt":"2025-10-28T11:54:07","slug":"tenian-razones-para-huir-venezolano-termino-baleado-por-carabineros-tras-atacar-a-uniformados-junto-a-compatriotas","status":"publish","type":"post","link":"http:\/\/www.lanuevaopcion.cl\/?p=29585","title":{"rendered":"Ten\u00edan razones para huir: venezolano termin\u00f3 baleado por Carabineros tras atacar a uniformados junto a compatriotas"},"content":{"rendered":"<p><img loading=\"lazy\" decoding=\"async\"  alt=\"\" src=\"https:\/\/www.lacuarta.com\/resizer\/v2\/EPVV44ISSREMXMX5RKDER4I33U.jpg?auth=78de8e8006e539a175667493efd70e0de8c827647625d403a8b4fd7106bb2298&#038;focal=476%2C270&#038;width=420&#038;height=236&#038;quality=70\" class=\"alignleft\" width=\"420\" height=\"236\" \/ class=\"alignleft\" style=\"margin-right:15px;margin-bottom:10px;float:left;\" ><br \/>\nMientras Carabineros de la 7\u00b0 Comisar\u00eda Renca realizaban patrullajes preventivos por la comuna, espec\u00edficamente en la intersecci\u00f3n de calle Los Atacame\u00f1os con Mehu\u00edn, observaron que un auto circulaba con sus luces apagadas en direcci\u00f3n al norte.<\/p>\n<p>Ante esto, los uniformados intentaron realizar un control vehicular, pero los sujetos hicieron caso omiso y se dieron a la fuga por calle Fresia hacia el sur. Se trataba de un autom\u00f3vil que manten\u00eda encargo vigente por el delito de robo con violencia.<br \/>\n<!--more--><br \/>\nA la altura de 11 de diciembre con Estrecho de Magallanes, un sujeto, desde el interior del autom\u00f3vil, realiz\u00f3 una cantidad indeterminada de disparos contra el personal policial, por lo que uno de los uniformados hizo uso de su arma contra los antisociales, resultando uno herido.<\/p>\n<p>El seguimiento termin\u00f3 en la intersecci\u00f3n de las calles Las Margaritas con Ap\u00f3stol Santiago, donde los ocupantes descendieron del auto e intentaron darse a la fuga a pie en diferentes direcciones.<\/p>\n<p>Gracias a su r\u00e1pido actuar, Carabineros logr\u00f3 la detenci\u00f3n de tres individuos de nacionalidad venezolana, todos en situaci\u00f3n migratoria irregular en nuestro pa\u00eds, quienes fueron identificados como O.J.G.G. y M.M.C.T., ambos de 26, e Y.E.V.G. de 28 a\u00f1os. Este \u00faltimo individuo fue trasladado hasta un centro asistencial debido a que present\u00f3 lesiones en su cuerpo.<\/p>\n<p>\u00bfQu\u00e9 ocultaban?<br \/>\nAl interior del veh\u00edculo recuperado se encontr\u00f3 una pistola, un cartucho sin percutir en la rec\u00e1mara y seis adicionales en el cargador. Asimismo, en la cabina hab\u00eda cinco vainillas percutadas, presumiblemente correspondientes a los disparos efectuados desde el veh\u00edculo en huida.<\/p>\n<p>Fiscal\u00eda dictamin\u00f3 el trabajo en el sitio del suceso de LABOCAR y OS9, mientras que los sujetos quedaron a disposici\u00f3n del Ministerio P\u00fablico.<br \/>\nhttps:\/\/www.lacuarta.com\/chile\/noticia\/tenian-razones-para-huir-venezolano-termino-baleado-por-carabineros-tras-atacar-a-uniformados-junto-a-compatriotas\/<br \/>\nFUENTE. LA CUARTA.COM<br \/>\nMEDIO DE DIFUSION, SIN FIN DE LUCRO ALGUNO <\/p>\n","protected":false},"excerpt":{"rendered":"<p>Mientras Carabineros de la 7\u00b0 Comisar\u00eda Renca realizaban patrullajes preventivos por la comuna, espec\u00edficamente en la intersecci\u00f3n de calle Los Atacame\u00f1os con Mehu\u00edn, observaron que un auto circulaba con sus luces apagadas en direcci\u00f3n al norte. Ante esto, los uniformados intentaron realizar un control vehicular, pero los sujetos hicieron caso omiso y se dieron a [&hellip;]<\/p>\n","protected":false},"author":51,"featured_media":0,"comment_status":"open","ping_status":"open","sticky":false,"template":"","format":"standard","meta":{"footnotes":""},"categories":[8,5,16,30,31,11],"tags":[27,1637],"class_list":["post-29585","post","type-post","status-publish","format-standard","hentry","category-cultura","category-internacional","category-nacional","category-policial","category-salud","category-tendencias","tag-carabineros","tag-policial"],"_links":{"self":[{"href":"http:\/\/www.lanuevaopcion.cl\/index.php?rest_route=\/wp\/v2\/posts\/29585","targetHints":{"allow":["GET"]}}],"collection":[{"href":"http:\/\/www.lanuevaopcion.cl\/index.php?rest_route=\/wp\/v2\/posts"}],"about":[{"href":"http:\/\/www.lanuevaopcion.cl\/index.php?rest_route=\/wp\/v2\/types\/post"}],"author":[{"embeddable":true,"href":"http:\/\/www.lanuevaopcion.cl\/index.php?rest_route=\/wp\/v2\/users\/51"}],"replies":[{"embeddable":true,"href":"http:\/\/www.lanuevaopcion.cl\/index.php?rest_route=%2Fwp%2Fv2%2Fcomments&post=29585"}],"version-history":[{"count":1,"href":"http:\/\/www.lanuevaopcion.cl\/index.php?rest_route=\/wp\/v2\/posts\/29585\/revisions"}],"predecessor-version":[{"id":29586,"href":"http:\/\/www.lanuevaopcion.cl\/index.php?rest_route=\/wp\/v2\/posts\/29585\/revisions\/29586"}],"wp:attachment":[{"href":"http:\/\/www.lanuevaopcion.cl\/index.php?rest_route=%2Fwp%2Fv2%2Fmedia&parent=29585"}],"wp:term":[{"taxonomy":"category","embeddable":true,"href":"http:\/\/www.lanuevaopcion.cl\/index.php?rest_route=%2Fwp%2Fv2%2Fcategories&post=29585"},{"taxonomy":"post_tag","embeddable":true,"href":"http:\/\/www.lanuevaopcion.cl\/index.php?rest_route=%2Fwp%2Fv2%2Ftags&post=29585"}],"curies":[{"name":"wp","href":"https:\/\/api.w.org\/{rel}","templated":true}]}}