{"id":29582,"date":"2025-10-27T08:23:03","date_gmt":"2025-10-27T08:23:03","guid":{"rendered":"http:\/\/www.lanuevaopcion.cl\/?p=29582"},"modified":"2025-10-27T08:23:03","modified_gmt":"2025-10-27T08:23:03","slug":"%e2%80%9ctodo-lo-que-esta-saliendo-a-la-luz-es-todo-lo-que-ya-les-habia-dicho%e2%80%9d-hablo-la-hermana-de-krishna-aguilera-tras-el-hallazgo-de-su-cuerpo","status":"publish","type":"post","link":"http:\/\/www.lanuevaopcion.cl\/?p=29582","title":{"rendered":"\u201cTodo lo que est\u00e1 saliendo a la luz es todo lo que ya les hab\u00eda dicho\u201d: habl\u00f3 la hermana de Krishna Aguilera tras el hallazgo de su cuerpo"},"content":{"rendered":"<p><img loading=\"lazy\" decoding=\"async\"  alt=\"\" src=\"https:\/\/www.lacuarta.com\/resizer\/v2\/5TZLN45ITJHDPCMKURGEDGKFYA.jpg?auth=17e9280bc97840fcbe0c71ad9867def972db06c68f71753519caaf63db0053f9&#038;smart=true&#038;width=420&#038;height=236&#038;quality=70\" class=\"alignleft\" width=\"420\" height=\"236\" \/ class=\"alignleft\" style=\"margin-right:15px;margin-bottom:10px;float:left;\" ><br \/>\nLa ma\u00f1ana de este domingo se confirm\u00f3 el hallazgo del cuerpo sin vida de Krishna Aguilera en el sector de Catemito, en Calera de Tango. La joven de 19 a\u00f1os estaba desaparecida desde el 4 de octubre.<\/p>\n<p>Por otro lado, la Fiscal\u00eda tambi\u00e9n confirm\u00f3 que se detuvo a una sexta persona por el secuestro con homicidio de la joven. Entre los detenidos se encuentra Juan Beltr\u00e1n, quien ha sido sindicado como el principal sospechoso y que actualmente se encuentra en prisi\u00f3n preventiva. Tambi\u00e9n se detuvo a la pareja de Beltr\u00e1n, a la madre de \u00e9sta y a dos sujetos m\u00e1s.<br \/>\n<!--more--><br \/>\nTras el hallazgo, la hermana de Krishna, Cristal Aguilera, convers\u00f3 con los medios y pidi\u00f3 justicia por el crimen de la joven, consign\u00f3 Meganoticias.<\/p>\n<p>\u201cEstoy m\u00e1s tranquila porque llegu\u00e9 a lo que quer\u00eda, yo sab\u00eda que ten\u00eda que encontrarla y ustedes han visto, todo lo que dije sali\u00f3 cierto\u201d, asegur\u00f3 Cristal.<\/p>\n<p>Krishna Aguilera<br \/>\nAl ser consultada sobre si estaba \u201cconforme\u201d con el resultado de la investigaci\u00f3n, la hermana de Krishna afirm\u00f3 que \u201cconforme no, porque pasaron muchos d\u00edas. Nunca voy a estar conforme, porque desde el principio yo dije lo que pasaba, lo que suced\u00eda y las personas que estaban involucradas. As\u00ed que esperaron muchos d\u00edas, pero gracias a Dios se lleg\u00f3 a mi hermana, pero todo esto en base a la investigaci\u00f3n y a lo que hemos apoyado todos\u201d.<\/p>\n<p>\u201cSe perdieron muchos d\u00edas porque yo siempre dije qui\u00e9n era el principal sospechoso, el culpable de la desaparici\u00f3n de mi hermana, y tanta investigaci\u00f3n, pasaron muchos d\u00edas y pas\u00f3 esto, que despu\u00e9s de 21 d\u00edas reci\u00e9n pude encontrar a mi hermana\u201d, a\u00f1adi\u00f3.<\/p>\n<p>\u201cFue planeado\u201d<br \/>\nCon respecto a los seis detenidos por el crimen, Cristal se\u00f1al\u00f3 que \u201csiempre lo dije, fue planeado, as\u00ed que no me sorprende que sigan apareciendo personas\u201d.<\/p>\n<p>\u201cGracias a Dios se pudo encontrar el cuerpo, gracias al trabajo de la PDI, de los fiscales y de la investigaci\u00f3n (&#8230;) Estoy m\u00e1s tranquila, porque puedo darle el descanso a mi hermana que se merece\u201d, asegur\u00f3.<\/p>\n<p>Sobre la detenci\u00f3n de la pareja de Beltr\u00e1n, una menor de 17 a\u00f1os, y a la madre de ella, Cristal mencion\u00f3 que \u201cest\u00e1n todas metidas en lo mismo, todas trabajaban para \u00e9l, entonces no me cabe duda que esta se\u00f1ora tuvo harto que ver en esto, que siempre lo dije, que ella y la hija ten\u00edan mucho que ver en la desaparici\u00f3n de mi hermana\u201d.<\/p>\n<p>\u201cTodo lo que est\u00e1 saliendo a la luz es todo lo que yo ya les hab\u00eda dicho, todo lo que yo ya hab\u00eda comentado, entonces no hay nada nuevo. Solamente lo \u00fanico nuevo es que los tomaron detenidos, lo \u00fanico nuevo\u201d, afirm\u00f3 Aguilera.<\/p>\n<p>\u201cQue se haga justicia. Necesito que estas personas est\u00e9n muchos a\u00f1os en la c\u00e1rcel, que no salgan m\u00e1s y que no les den beneficios, eso es lo que yo quiero, que no tengan beneficios, porque ustedes saben que estas personas hacen unos a\u00f1os y despu\u00e9s con beneficios si vienen para la calle son personas peligrosas. Necesito que no pisen nunca m\u00e1s la calle con ning\u00fan beneficio\u201d, sentenci\u00f3 Cristal Aguilera.<br \/>\nhttps:\/\/www.lacuarta.com\/chile\/noticia\/todo-lo-que-esta-saliendo-a-la-luz-es-todo-lo-que-ya-les-habia-dicho-hablo-la-hermana-de-krishna-aguilera-tras-el-hallazgo-de-su-cuerpo\/<br \/>\nFUENTE. LA CUARTA.COM<br \/>\nMEDIO DE DIFUSION, SIN FIN DE LUCRO ALGUNO <\/p>\n","protected":false},"excerpt":{"rendered":"<p>La ma\u00f1ana de este domingo se confirm\u00f3 el hallazgo del cuerpo sin vida de Krishna Aguilera en el sector de Catemito, en Calera de Tango. La joven de 19 a\u00f1os estaba desaparecida desde el 4 de octubre. Por otro lado, la Fiscal\u00eda tambi\u00e9n confirm\u00f3 que se detuvo a una sexta persona por el secuestro con [&hellip;]<\/p>\n","protected":false},"author":51,"featured_media":0,"comment_status":"open","ping_status":"open","sticky":false,"template":"","format":"standard","meta":{"footnotes":""},"categories":[8,9,5,16,30,1,31],"tags":[19,205,315,1580,93],"class_list":["post-29582","post","type-post","status-publish","format-standard","hentry","category-cultura","category-educacion","category-internacional","category-nacional","category-policial","category-uncategorized","category-salud","tag-add-new-tag","tag-chile","tag-fiscalia","tag-homicidio-de-joven","tag-pais"],"_links":{"self":[{"href":"http:\/\/www.lanuevaopcion.cl\/index.php?rest_route=\/wp\/v2\/posts\/29582","targetHints":{"allow":["GET"]}}],"collection":[{"href":"http:\/\/www.lanuevaopcion.cl\/index.php?rest_route=\/wp\/v2\/posts"}],"about":[{"href":"http:\/\/www.lanuevaopcion.cl\/index.php?rest_route=\/wp\/v2\/types\/post"}],"author":[{"embeddable":true,"href":"http:\/\/www.lanuevaopcion.cl\/index.php?rest_route=\/wp\/v2\/users\/51"}],"replies":[{"embeddable":true,"href":"http:\/\/www.lanuevaopcion.cl\/index.php?rest_route=%2Fwp%2Fv2%2Fcomments&post=29582"}],"version-history":[{"count":2,"href":"http:\/\/www.lanuevaopcion.cl\/index.php?rest_route=\/wp\/v2\/posts\/29582\/revisions"}],"predecessor-version":[{"id":29584,"href":"http:\/\/www.lanuevaopcion.cl\/index.php?rest_route=\/wp\/v2\/posts\/29582\/revisions\/29584"}],"wp:attachment":[{"href":"http:\/\/www.lanuevaopcion.cl\/index.php?rest_route=%2Fwp%2Fv2%2Fmedia&parent=29582"}],"wp:term":[{"taxonomy":"category","embeddable":true,"href":"http:\/\/www.lanuevaopcion.cl\/index.php?rest_route=%2Fwp%2Fv2%2Fcategories&post=29582"},{"taxonomy":"post_tag","embeddable":true,"href":"http:\/\/www.lanuevaopcion.cl\/index.php?rest_route=%2Fwp%2Fv2%2Ftags&post=29582"}],"curies":[{"name":"wp","href":"https:\/\/api.w.org\/{rel}","templated":true}]}}