{"id":29580,"date":"2025-10-24T07:22:41","date_gmt":"2025-10-24T07:22:41","guid":{"rendered":"http:\/\/www.lanuevaopcion.cl\/?p=29580"},"modified":"2025-10-24T07:22:41","modified_gmt":"2025-10-24T07:22:41","slug":"%e2%80%9cvamos-a-ir-por-usted-presidente%e2%80%9d-kast-lanza-amenazante-advertencia-a-gabriel-boric-y-lo-llama-a-%e2%80%9cprepararse%e2%80%9d","status":"publish","type":"post","link":"http:\/\/www.lanuevaopcion.cl\/?p=29580","title":{"rendered":"\u201cVamos a ir por usted, Presidente\u201d: Kast lanza amenazante advertencia a Gabriel Boric y lo llama a \u201cprepararse\u201d"},"content":{"rendered":"<p><img loading=\"lazy\" decoding=\"async\"  alt=\"\" src=\"https:\/\/www.lacuarta.com\/resizer\/v2\/YGVXNRNIIFEOFECBAHWBH3VVWI.jpg?auth=556bc2d8d349922725f3f4963e7430f4499ea7069a9c28a336685c03d03e0e07&#038;smart=true&#038;width=420&#038;height=236&#038;quality=70\" class=\"alignleft\" width=\"420\" height=\"236\" \/ class=\"alignleft\" style=\"margin-right:15px;margin-bottom:10px;float:left;\" ><br \/>\nUna dur\u00edsima advertencia lanz\u00f3 el candidato presidencial Jos\u00e9 Antonio Kast en contra del Presidente Gabriel Boric en medio de un discurso de campa\u00f1a.<\/p>\n<p>Durante un acto con adherentes en la ciudad de Chill\u00e1n, el abanderado del Partido Republicano apunt\u00f3 directamente al mandatario y le advirti\u00f3 que, de ganar las elecciones, van a ir por \u00e9l.<br \/>\n<!--more--><br \/>\nKast se refiri\u00f3 a un reportaje de Tele13 que instala dudas en la relaci\u00f3n entre el comando de la campa\u00f1a presidencial de Boric y la cuestionada Fundaci\u00f3n Procultura.<\/p>\n<p>\u201cEntregue los correos, Presidente\u201d, parti\u00f3 exigiendo el candidato, para agregar: \u201cUsted o alguien de su entorno se confabul\u00f3 con una de esas fundaciones para promocionar en su franja electoral un mural\u201d.<\/p>\n<p>\u201cY ah\u00ed escondido, escondidos los correos, escondidos los correos de las fundaciones, escondieron a Monsalve, si es una verg\u00fcenza\u201d, descarg\u00f3.<\/p>\n<p>Jos\u00e9 Antonio Kast<br \/>\nEl \u201caviso\u201d de Kast a Boric<br \/>\nEn ese contexto, Jos\u00e9 Antonio Kast endureci\u00f3 el tono y lanz\u00f3 un aviso al gobernante.<\/p>\n<p>\u201cPero, Presidente. si no lo hace usted, nosostros lo vamos a hacer. Y vamos a ir por usted, Presidente. No es una amenaza, es transparencia. As\u00ed que yo le solicito que, por Chile, sea transparente. Entregue todos los datos\u201d, manifest\u00f3.<\/p>\n<p>Pero no fue todo. Kast fue un poco m\u00e1s all\u00e1 y trat\u00f3 de \u201cGabriel\u201d al Presidente, para advertirle que se \u201cprepare\u201d.<\/p>\n<p>\u201cTenga claro, Presidente, que el 11 de marzo parte una nueva etapa, una etapa de transparencia donde se va a saber todo. Ojal\u00e1 nunca m\u00e1s tenga que decirle, Presidente, \u2018qu\u00e9 vamos a saber de ti, Gabriel, que no nos han querido contar, porque todo sale a la luz, Gabriel, as\u00ed que prep\u00e1rate\u201d, desafi\u00f3.<br \/>\nhttps:\/\/www.lacuarta.com\/chile\/noticia\/vamos-a-ir-por-usted-presidente-kast-lanza-amenazante-advertencia-a-gabriel-boric-y-lo-llama-a-prepararse\/<br \/>\nFUENTE. LA CUARTA.COM<br \/>\nMEDIO DE DIFUSION, SIN FIN DE LUCRO ALGUNO <\/p>\n","protected":false},"excerpt":{"rendered":"<p>Una dur\u00edsima advertencia lanz\u00f3 el candidato presidencial Jos\u00e9 Antonio Kast en contra del Presidente Gabriel Boric en medio de un discurso de campa\u00f1a. Durante un acto con adherentes en la ciudad de Chill\u00e1n, el abanderado del Partido Republicano apunt\u00f3 directamente al mandatario y le advirti\u00f3 que, de ganar las elecciones, van a ir por \u00e9l.<\/p>\n","protected":false},"author":1,"featured_media":0,"comment_status":"open","ping_status":"open","sticky":false,"template":"","format":"standard","meta":{"footnotes":""},"categories":[8,7,4,9,5,16,30,1,31,11],"tags":[19,1579,205,710],"class_list":["post-29580","post","type-post","status-publish","format-standard","hentry","category-cultura","category-deporte","category-economia","category-educacion","category-internacional","category-nacional","category-policial","category-uncategorized","category-salud","category-tendencias","tag-add-new-tag","tag-boric","tag-chile","tag-jose-antonio-kast"],"_links":{"self":[{"href":"http:\/\/www.lanuevaopcion.cl\/index.php?rest_route=\/wp\/v2\/posts\/29580","targetHints":{"allow":["GET"]}}],"collection":[{"href":"http:\/\/www.lanuevaopcion.cl\/index.php?rest_route=\/wp\/v2\/posts"}],"about":[{"href":"http:\/\/www.lanuevaopcion.cl\/index.php?rest_route=\/wp\/v2\/types\/post"}],"author":[{"embeddable":true,"href":"http:\/\/www.lanuevaopcion.cl\/index.php?rest_route=\/wp\/v2\/users\/1"}],"replies":[{"embeddable":true,"href":"http:\/\/www.lanuevaopcion.cl\/index.php?rest_route=%2Fwp%2Fv2%2Fcomments&post=29580"}],"version-history":[{"count":1,"href":"http:\/\/www.lanuevaopcion.cl\/index.php?rest_route=\/wp\/v2\/posts\/29580\/revisions"}],"predecessor-version":[{"id":29581,"href":"http:\/\/www.lanuevaopcion.cl\/index.php?rest_route=\/wp\/v2\/posts\/29580\/revisions\/29581"}],"wp:attachment":[{"href":"http:\/\/www.lanuevaopcion.cl\/index.php?rest_route=%2Fwp%2Fv2%2Fmedia&parent=29580"}],"wp:term":[{"taxonomy":"category","embeddable":true,"href":"http:\/\/www.lanuevaopcion.cl\/index.php?rest_route=%2Fwp%2Fv2%2Fcategories&post=29580"},{"taxonomy":"post_tag","embeddable":true,"href":"http:\/\/www.lanuevaopcion.cl\/index.php?rest_route=%2Fwp%2Fv2%2Ftags&post=29580"}],"curies":[{"name":"wp","href":"https:\/\/api.w.org\/{rel}","templated":true}]}}