{"id":29578,"date":"2025-10-23T07:46:49","date_gmt":"2025-10-23T07:46:49","guid":{"rendered":"http:\/\/www.lanuevaopcion.cl\/?p=29578"},"modified":"2025-10-23T07:46:49","modified_gmt":"2025-10-23T07:46:49","slug":"la-firme-presidencial-con-evelyn-matthei-%e2%80%9cme-duele-que-digan-que-pinera-es-el-peor-presidente-despues-de-allende%e2%80%9d","status":"publish","type":"post","link":"http:\/\/www.lanuevaopcion.cl\/?p=29578","title":{"rendered":"La Firme Presidencial con Evelyn Matthei: \u201cMe duele que digan que Pi\u00f1era es el peor Presidente despu\u00e9s de Allende\u201d"},"content":{"rendered":"<p><img loading=\"lazy\" decoding=\"async\"  alt=\"\" src=\"https:\/\/www.lacuarta.com\/resizer\/v2\/IIUKZMMACBGHBEEM3E4GIK6TCM.JPG?auth=1e30a68fb042433a4a6c4a1cfd7e92f34169aa61aa535a17e3fb0e3dd463590e&#038;smart=true&#038;width=420&#038;height=236&#038;quality=70\" class=\"alignleft\" width=\"420\" height=\"236\" \/ class=\"alignleft\" style=\"margin-right:15px;margin-bottom:10px;float:left;\" ><br \/>\nLo que ocurre un mi\u00e9rcoles a las 09.15 horas cuando Evelyn Matthei llega al Mercado Mayorista Lo Valledor, se re\u00fane con su equipo en el edificio de administraci\u00f3n y atraviesa la Calle 1 con direcci\u00f3n al Pin Uno, tradicional restaurante a cargo de surtir de desayunos y comidas a los trabajadores, para dialogar con su due\u00f1a, Ruth Monje, es que la gente \u2014comerciantes, clientes\u2014 se apila a su alrededor. Le piden selfies, la abrazan. El mote de Dama de Hierro, am\u00e9n de su car\u00e1cter, en momentos como este parece exagerado. \u201cQue gane\u201d, le desea una mujer de mediana edad despu\u00e9s de tomarse una fotograf\u00eda, y la candidata, antes de que suene otra vez el obturador, responde: \u201c\u00a1Con su ayuda!\u201d.<br \/>\n<!--more--><!--more--><\/p>\n<p>\u00abSi alguna vez siento que tengo el cuero duro, nunca m\u00e1s voy a estar en el sector p\u00fablico\u00bb, asegura Matthei. Foto: Andr\u00e9s P\u00e9rez. Andres Perez<br \/>\nDentro del local la escena se repetir\u00e1. Entre s\u00e1ndwiches, pailas con huevo y tazas de t\u00e9, los comensales se sorprenden con su presencia. Los m\u00e1s t\u00edmidos la graban a distancia. Ella, mientras tanto, se abraza con Ruth Monje y saluda al personal. Luego le ense\u00f1an la peque\u00f1a mesa en donde se efectuar\u00e1 esta entrevista, pero antes se pierde por algunos minutos para grabar un breve video junto al diputado Juan Manuel Fuenzalida. A su regreso, pide un caf\u00e9 con leche y dos tostadas con mantequilla y explica por qu\u00e9, a treinta y dos d\u00edas de las elecciones, est\u00e1 aqu\u00ed.<\/p>\n<p>Play Video<br \/>\n\u2014Tengo una tremenda admiraci\u00f3n por lo que se ha hecho en Lo Valledor, porque han hecho todo un trabajo para que los productores puedan venir ellos mismos con sus productos para zafarse de todos los intermediarios, de tal manera que el que hace el trabajo tambi\u00e9n se quede con la mayor cantidad de plata posible.<\/p>\n<p>Pero lo m\u00e1s es importante es esto:<\/p>\n<p>\u2014Han hecho un trabajo para la seguridad que es admirable. Han llenado de c\u00e1maras, chequean qui\u00e9n entra, qui\u00e9n sale, y por lo tanto, uno puede venir aqu\u00ed, a comprar, con total tranquilidad.<\/p>\n<p>La seguridad, a fin de cuentas, es la piedra angular del programa que present\u00f3 la candidata de Chile Vamos.<\/p>\n<p>Desde ni\u00f1a la candidata tom\u00f3 clases de piano, pero lo dej\u00f3 al considerar que no era lo suficientemente buena. Foto: Andr\u00e9s P\u00e9rez. Andres Perez<br \/>\nCon la informaci\u00f3n adecuada, dir\u00e1, puede cerrar las fronteras en un a\u00f1o. Mismo plazo que se impuso para recuperar La Araucan\u00eda. Sus a\u00f1os como alcaldesa en Providencia le dispensaron esa confianza. En su diagn\u00f3stico, Chile retrocedi\u00f3 dos d\u00e9cadas y para sanearlo se debe atender \u201cel avance del crimen organizado a una velocidad muy preocupante\u201d. Porque las preocupaciones de antes se repart\u00edan entre \u201cmejorar el cuidado del medioambiente\u201d, \u201cc\u00f3mo tener mayor equidad\u201d y \u201cmayor inclusi\u00f3n\u201d, pero ahora \u201ces que no te maten\u201d.<\/p>\n<p>Las encuestas no la favorecen \u2014la Plaza P\u00fablica de Cadem la ubica tercera, detr\u00e1s de Jeannette Jara y Jos\u00e9 Antonio Kast, con un 14% en intenci\u00f3n de voto\u2014 pero eso a Evelyn Matthei le da igual. Las \u00faltimas semanas ha repetido hasta el hartazgo que llegar\u00e1 a segunda vuelta.<\/p>\n<p>Aqu\u00ed tambi\u00e9n lo har\u00e1. Pero advierte algo m\u00e1s.<\/p>\n<p>\u2014Tengo la impresi\u00f3n de que se han puesto de acuerdo ambos para tratar de que yo no pase.<\/p>\n<p>La Firme con Evelyn Matthei<br \/>\nMi infancia fue muy feliz, pero no fue f\u00e1cil. Mi padre tuvo una enfermedad terrible, mi hermano, el tercero, tuvo c\u00e1ncer, y yo tuve una enfermedad que me tuvo tres meses en cama. Y adem\u00e1s el sueldo no alcanzaba, imag\u00ednese con cinco hijos. Pero aun as\u00ed fue muy feliz, porque recibimos mucho cari\u00f1o de nuestros padres. Ten\u00edamos primos a los que quer\u00edamos mucho, yo ten\u00eda muy buenas amigas y amigos en el colegio, me iba muy bien.<\/p>\n<p>Mi mam\u00e1 no se la pod\u00eda sola con cinco. Nosotros \u00e9ramos cinco hijos, nos levant\u00e1bamos muy temprano y uno hac\u00eda el desayuno mientras otros hac\u00edan las camas, despu\u00e9s otro lavaba, otro secaba. Pero eso era parte de la rutina y para nosotros no era nada terrible. Adem\u00e1s, nosotros sab\u00edamos que ten\u00edamos que esforzarnos, porque est\u00e1bamos becados o semibecados en el Colegio Alem\u00e1n, porque obviamente mi padre no lo pod\u00eda pagar.<\/p>\n<p>El primer blue jean nuevo que tuve debe haber sido como a los dieciocho o diecinueve a\u00f1os. Todos los otros eran heredados, y era as\u00ed y a m\u00ed me daba lo mismo. Nunca me sent\u00ed complicada ni nada por eso.<\/p>\n<p>Cuando no quer\u00eda ir al colegio le dec\u00eda a mi mam\u00e1: hoy d\u00eda no quiero ir, y me aguantaban. Pero efectivamente ten\u00eda un muy buen promedio. Era muy disciplinada: sal\u00ed con promedio 6,9 del Colegio Alem\u00e1n.<\/p>\n<p>Ten\u00edamos unos t\u00edos abuelos que ten\u00edan un campo en Traf\u00fan, al interior de Osorno, y ellos nos invitaban a los siete un mes entero. All\u00e1 vacacion\u00e1bamos, en su casa. Yo siempre digo: \u00bfc\u00f3mo una familia invita a una familia de siete? Cinco hijos, pap\u00e1 y mam\u00e1, y te tienen casi un mes. Yo les voy a agradecer hasta el \u00faltimo d\u00eda de mi vida, porque esa \u00e9poca de las vacaciones era la alegr\u00eda y la felicidad m\u00e1xima para nosotros. And\u00e1bamos a caballo, nos sub\u00edamos a la trilladora, \u00edbamos a cosechar las cosas que ten\u00edan en la huerta. Cuando llov\u00eda, nos met\u00edamos en la cocina, jug\u00e1bamos cartas. Mi t\u00eda abuela ten\u00eda un invernadero, le fascinaban las plantas igual que a mi mam\u00e1. Ten\u00edan muchos libros. Yo realmente no puedo agradecer suficientemente esa generosidad, porque nosotros no podr\u00edamos haber salido de vacaciones de otra manera.<\/p>\n<p>La candidata dice sentirse \u00abcontenta\u00bb de representar esta vez a \u00abun grupo mucho m\u00e1s amplio\u00bb. Foto: Andr\u00e9s P\u00e9rez. Andres Perez<br \/>\nMis padres siempre nos alentaron a defender lo que nosotros cre\u00edamos aunque estuvi\u00e9ramos en minor\u00eda. Siempre nos ense\u00f1aron a tratar de documentarnos cuando d\u00e1bamos alguna opini\u00f3n. Y siempre nos alentaron a que tom\u00e1ramos nuestras propias decisiones, pero que nos hici\u00e9ramos cargo de las consecuencias de esas decisiones. Desde muy chicos. Ten\u00edan una gran calidad humana. Mi mam\u00e1 era extraordinariamente inteligente y mi pap\u00e1 tambi\u00e9n. Eran muy inteligentes y muy generosos. Tambi\u00e9n nos ense\u00f1aron el amor por los libros, por el jard\u00edn, el amor por la m\u00fasica, por la historia.<\/p>\n<p>Cuando ten\u00eda 20 a\u00f1os le dije a mi familia que me iba a quedar sola en Londres, no les ped\u00ed permiso. Pero eso era parte de la crianza, por eso a m\u00ed no se me ocurr\u00eda siquiera pedirle permiso: era mi decisi\u00f3n. Lo que me dijo mi pap\u00e1, al tiro, fue: perfecto, pero \u00bfc\u00f3mo vas a vivir? Porque t\u00fa sabes que no te puedo mandar plata. Era todo as\u00ed en mi familia.<\/p>\n<p>Soy hija de un militar y todo el mundo cree que los militares mandan y ordenan. Mi padre, al contrario. Y yo tengo la impresi\u00f3n que lo hizo igual con la gente con la que \u00e9l trabajaba. Siempre los alent\u00f3 a que todo el mundo dijera lo que pensaba, que defendiera lo que pensaba. Mi padre siempre apreciaba cuando alguien que ten\u00eda una idea distinta a la de \u00e9l, se atrev\u00eda a decirla, se atrev\u00eda a defenderla y se atrev\u00eda, despu\u00e9s, a conversar cu\u00e1l era la mejor forma.<\/p>\n<p>Soy muy estricta conmigo misma, soy terriblemente autoexigente. Soy muy, muy trabajadora y soy muy responsable de las decisiones que tomo. No me molesta que me digan \u201cDama de hierro\u201d, en absoluto. Lo que s\u00ed, es que a m\u00ed me conmueve muy profundamente ver a alguien que se esfuerza de verdad y no sale adelante. Me conmueve la gente que est\u00e1 en una lista de espera en salud y no es atendida. Me conmueve y me da rabia. Me da una rabia infinita que el dinero fiscal se mal use. No acepto que se contrate a alguien por pituto, cuando hay tanta gente que tiene m\u00e9ritos y no logra salir adelante. Esas cosas tambi\u00e9n forman parte de la estrictez que yo tengo.<\/p>\n<p>No tengo el cuero duro&#8230; si alguna vez siento que tengo el cuero duro, nunca m\u00e1s voy a estar en el sector p\u00fablico. Porque tener el coraz\u00f3n abierto al sufrimiento de otra persona es b\u00e1sico para estar en la pol\u00edtica.<\/p>\n<p>Si no se hubiera dedicado a la pol\u00edtica, Evelyn Matthei cuenta que hubiera sido profesora. Su pasi\u00f3n pasa por ense\u00f1ar. Foto: Andr\u00e9s P\u00e9rez. Andres Perez<br \/>\n\u00bfYo intensa? Noooo&#8230; jajaj\u00e1. Intensa, intensa, inteeensa, pero intens\u00edsima. No solamente soy exigente conmigo misma, soy muy exigente con la gente que me rodea. Mira al pobre Cristian (se\u00f1ala a uno de los periodistas de su equipo), todas las canas que tiene. Pero, al mismo tiempo, tengo clar\u00edsimo que todos nos equivocamos. Y que la gente que trabaja conmigo se puede equivocar y se va a equivocar. Yo no hago show por las equivocaciones, al contrario, uno tiene que ver c\u00f3mo vamos a enmendar el error.<\/p>\n<p>As\u00ed como mi padre me ense\u00f1\u00f3 que yo me ten\u00eda que hacer cargo de las decisiones que tomaba, cuando yo delego algo, se tienen que hacer cargo. Y si tienen problemas, si tienen dudas, obviamente que pueden venir todas las veces que quieran y lo podemos conversar. Pero si ya veo que hay alguien que no es capaz de tomar decisiones, ese se va. Una persona que no es capaz de tomar decisiones con criterio&#8230;, porque puede tener un criterio distinto al m\u00edo, pero yo tengo que entender por qu\u00e9 tom\u00f3 esa decisi\u00f3n. Si hay un trabajo propio, honesto, con el cual puedo coincidir o no, me da lo mismo: esa persona merece mi respeto y mi confianza. Lo que no soporto son los que est\u00e1n ah\u00ed calentando un puesto y ganando sueldos, y a veces faltando a cada rato, con licencia m\u00e9dica.<\/p>\n<p>No me he arrepentido nunca de haber tomado la decisi\u00f3n de venirme de vuelta de Londres y estudiar una carrera. Pero s\u00ed pens\u00e9 en alg\u00fan momento dedicarme a la parte art\u00edstica. Me encanta, me fascina. Cuando yo voy a un ballet, cuando voy al concierto de la Shakira, cuando fui a una obra en Londres, cuando ve\u00edamos la gala de ballet en Providencia, cuando hac\u00edamos los conciertos al aire libre y hab\u00eda dos mil o tres mil personas, todo eso lo gozo intensamente. Cuando hac\u00edamos, por ejemplo teatro infantil para los ni\u00f1os de Providencia en las plazas, todo eso a m\u00ed me conmueve. Pero no era lo suficientemente buena como pianista&#8230;<\/p>\n<p>Dej\u00e9 el piano porque me di cuenta que no ten\u00eda el talento suficiente. Punto. Yo veo ahora, por ejemplo, a la Yuja Wang, le veo las manos y me doy cuenta de que yo nunca tuve esas manos, po. Ella es una pianista extraordinaria y, claro, yo por mucho que practicase&#8230; mire, Usain Bolt, s\u00ed, practicaba mucho, pero ten\u00eda un talento y una contextura que no tiene todo el mundo, \u00bfme entiende? Eso es.<\/p>\n<p>La candidata destac\u00f3 del Mercado Mayorista Lo Valledor la seguridad. Algo que considera vital para lo que viene. Foto: Andr\u00e9s P\u00e9rez. Andres Perez<br \/>\nCon todo lo intensa que soy, gozo la vida. Toda: familiar, con amigos, cuando hago deporte, cuando estoy en la naturaleza. Estuvimos grabando franja en San Pedro, al interior de San Pedro, en las Torres del Paine, en Punta Arenas. Esa belleza natural que tiene Chile me conmueve. Entonces, yo gozo las plantas, los cerros, cuando hay nieve en los cerros, gozo un r\u00edo bonito con naturaleza al lado.<\/p>\n<p>No hay nada que me guste m\u00e1s que re\u00edrme. Me encanta re\u00edrme, me encanta cuando de repente hay una reuni\u00f3n tensa, en que todo el mundo est\u00e1 con pasi\u00f3n defendiendo su punto de vista y hay un poco de humor. Ese poco de humor cambia al tiro. \u00bfSabes lo que pasa? Yo aprecio mucho a la gente que est\u00e1 en la pol\u00edtica o que est\u00e1 en un trabajo en la municipalidad o que est\u00e1 siendo paisajismo o entrenando y que tiene pasi\u00f3n por lo que hace. Pero cuando hay pasi\u00f3n siempre vienen opiniones muy fuertes, muy intensas y que se defienden con mucha intensidad. Y con eso, cuando se juntan dos o tres, hay choques. Entonces, \u00bfc\u00f3mo lograr que cada uno d\u00e9 lo mejor de s\u00ed, pero al mismo tiempo lo pasemos bien y lleguemos a una buena soluci\u00f3n y no m\u00e1s bien a una trifulca terrible? El humor ayuda mucho para eso.<\/p>\n<p>Me encanta ense\u00f1ar matem\u00e1ticas, porque es l\u00f3gica, no es aprender de memoria nada: es entender. Yo me pagu\u00e9 la universidad, entonces como estaba en el primer semestre y me la ten\u00eda que pagar, hac\u00eda clases de matem\u00e1ticas a ni\u00f1os que estaban en primero, segundo medio. Empezaban con un 4 y a los dos meses estaban en un 6,5. De verdad era una muy buena profe. A m\u00ed lo que me encantaba es cuando dec\u00edan: \u00a1aaah! Eso significaba que hab\u00edan entendido la l\u00f3gica, \u00e9se era el sonido que yo estaba esperando siempre. Porque de repente te dec\u00edan: ya&#8230; pero t\u00fa cachabai que no hab\u00edan entendido. Cuando t\u00fa logras eso, es espectacular.<\/p>\n<p>Mi pap\u00e1 era una cosa bien rara, porque nos ense\u00f1aba a tomarnos la vida muy en serio, a hacernos cargo de nuestras decisiones, pero al mismo tiempo a re\u00edrnos. De nosotros mismos y las circunstancias. Y a \u00e9l le encantaba la astronom\u00eda. Entonces, cuando ve\u00eda que nos est\u00e1bamos tomando algo como si fuera de vida o muerte, nos llevaba pa\u2019 un lado y nos mostraba el cielo: mira, t\u00fa eres una cosita chica as\u00ed en el universo, por favor&#8230; era para aterrizarnos.<\/p>\n<p>\u00abTerriblemente autoexigente\u00bb, se define la candidata. Foto: Andr\u00e9s P\u00e9rez. Andres Perez<br \/>\nMe di cuenta de lo importante que era la pol\u00edtica cuando era estudiante de econom\u00eda y recib\u00ed una invitaci\u00f3n, con algunos otros pocos, a ir a hablar con Miguel Kast, que era ministro del Trabajo en ese minuto. Nos invitaron a almorzar, el almuerzo era medio s\u00e1ndwich y media Coca Cola. Ah\u00ed nos mostraron cu\u00e1les eran las consideraciones que estaban tomando en cuanto a la reforma previsional que se hizo. Y fue una discusi\u00f3n muy larga y muy en serio. Dijeron: nosotros hemos pensado si seguir o no con los actuales sistemas previsionales, que era b\u00e1sicamente de reparto, y nos dimos cuenta de que no va a funcionar nunca, porque en el reparto todo el dinero va a un fondo y, despu\u00e9s, de ese fondo se le reparte a la gente. Entonces, dijeron, ah\u00ed hay un incentivo que va a estar siempre, de contribuir lo menos posible y sacar lo m\u00e1s posible, y eso lleva al fraude. Nos empezaron a mostrar todos los fraudes que se hac\u00edan. Y a m\u00ed me fascin\u00f3 la forma de tomar decisiones. Me fascin\u00f3 lo importante que eran las decisiones de pol\u00edtica p\u00fablica, de c\u00f3mo pod\u00eda cambiar la vida de un pa\u00eds y de sus personas. \u00c9se fue el flechazo.<\/p>\n<p>Otro ejemplo que me cambi\u00f3 la manera de pensar fue cuando conoc\u00ed de cerca c\u00f3mo hab\u00edan logrado vencer la desnutrici\u00f3n infantil con buenas pol\u00edticas p\u00fablicas. Se dieron cuenta de que hab\u00eda muchos ni\u00f1os que estaban con muy bajo peso y eso, si no se interven\u00eda r\u00e1pido, iba a significar un da\u00f1o cognitivo por el resto de la vida. Entonces me encant\u00f3 c\u00f3mo se dise\u00f1aron distintas pol\u00edticas. Una, por ejemplo: al ni\u00f1o ten\u00edan que pesarlo y ten\u00edan que medirlo. Entonces ah\u00ed se arm\u00f3 la asignaci\u00f3n familiar, que era solamente para los hijos de trabajadores, de gente que ten\u00eda un contrato. Le dieron asignaci\u00f3n familiar a todos los ni\u00f1os de Chile, pero se los daban solamente si iba al Control del Ni\u00f1o Sano, o sea, si lo iban a pesar y a medir, y adem\u00e1s le daban ah\u00ed la leche. Hubo un incentivo para las mam\u00e1s, para llevar, porque recib\u00edan dinero y leche. Ah\u00ed detectabas si hab\u00eda un ni\u00f1o desnutrido e inmediatamente lo pon\u00edan en el proyecto de Conin. Entonces, t\u00fa te das cuenta que no es solamente dar una asignaci\u00f3n familiar, sino tambi\u00e9n hacerse cargo de c\u00f3mo logramos llegar a cada ni\u00f1o.<\/p>\n<p>Yo soy liberal, creo que las pol\u00edticas de derecha dan resultado, pero no necesariamente tengo el mismo objetivo. Yo fui la \u00fanica senadora de la UDI que vot\u00f3 a favor del divorcio. \u00bfCu\u00e1l era la diferencia entre que se llame divorcio o anulaci\u00f3n? Si la familia se separa igual, \u00bfno? Los ni\u00f1os igual tienen un quiebre entre sus padres, no se van a volver a juntar, se van a volver a emparejar. Pero para m\u00ed hab\u00eda una diferencia muy grande: que en la anulaci\u00f3n t\u00fa ibas a mentir, lo cual es un delito. Se pon\u00edan de acuerdo para mentirle al juez y el juez sab\u00eda que le estaban mintiendo. Esa no es forma de resolver. Lo mismo con el aborto en tres causales: \u00bfqu\u00e9 sentido tiene estar nueve meses sabiendo que la guagua est\u00e1 muerta? Entonces me pareci\u00f3 que eso era una aberraci\u00f3n, y siempre cre\u00ed que en esos casos, que son l\u00edmites (una violaci\u00f3n, este caso por ejemplo), es la madre y no el Estado la que tiene que decidir. No tiene nada que hacer el Estado ah\u00ed.<\/p>\n<p>Despu\u00e9s de haber sido ministra, me fui a hacer clases en un colegio y lo hice con mucha seriedad y con mucha alegr\u00eda. Despu\u00e9s de eso, fui alcaldesa. Todo el mundo sent\u00eda que era un paso hacia abajo. Eso te demuestra que lo m\u00edo es, de verdad, querer cambiar la vida a alguien, mejorarle la vida a alguien, mucho m\u00e1s que hambre por t\u00edtulos o por poder. Nunca he tenido eso.<\/p>\n<p>Matthei cuenta que una reuni\u00f3n con el entonces ministro del Trabajo, Miguel Kast, supuso su flechazo con la pol\u00edtica. Foto: Andr\u00e9s P\u00e9rez. Andres Perez<br \/>\nEstoy muy contenta de poder representar un grupo mucho m\u00e1s amplio de la pol\u00edtica. De representar lo que a m\u00ed me parece que una pol\u00edtica razonable, sensata, que es capaz de sentarse, mirar cu\u00e1les son los problemas de Chile. Que es capaz de ceder en distintas materias con tal de mejorarle la vida de los chilenos. Para m\u00ed, esta es una alegr\u00eda inmensa. Ser la l\u00edder, de alguna manera, de una coalici\u00f3n donde est\u00e1n personas con las que estuvimos en veredas del frente, pero que queremos Chile y queremos un Chile sensato.<\/p>\n<p>Aylwin fue un gran Presidente, Eduardo Frei Ruiz-Tagle fue un gran Presidente, Ricardo Lagos fue un gran Presidente. Y cuando yo era oposici\u00f3n, yo me llevaba muy bien con muchos de sus ministros. Con Edgardo Boeninger, con Ren\u00e9 Cort\u00e1zar, con Jos\u00e9 Pablo Arellano y con muchos m\u00e1s. Obviamente que los del \u00e1mbito econ\u00f3mico eran m\u00e1s cercanos a m\u00ed.<\/p>\n<p>Yo nunca he tenido esa posici\u00f3n odiosa de oponerse a todo porque el que propuso la ley es del frente. Siempre he tenido la disposici\u00f3n de votar por aquello que sea lo mejor para Chile y para los chilenos. Obviamente me puedo equivocar en mi voto, pero eso es lo que me motiva. Poder estar con ellos, todos juntos ahora, y con Chile Vamos, que es donde he estado siempre, y poder olvidarnos de las diferencias del pasado para ver c\u00f3mo sacar a Chile adelante, para m\u00ed, es lo mejor que me puede haber pasado.<\/p>\n<p>La enfermedad de mi marido no ha sido hasta ahora, gracias a Dios, un problema para mi candidatura. Jorge sigue trabajando, lo \u00fanico distinto es que tiene que tomar remedios y tiene que hacer kinesiolog\u00eda.<\/p>\n<p>Liberal, la candidata fue la \u00fanica senadora en su momento que vot\u00f3 por el divorcio. Tambi\u00e9n se desmarc\u00f3 de su coalici\u00f3n con el asunto del aborto. Foto: Andr\u00e9s P\u00e9rez. Andres Perez<br \/>\nChile retrocedi\u00f3 veinte a\u00f1os. Todav\u00eda ten\u00eda muchas inequidades, pero Chile era un pa\u00eds que estaba progresando, bajando r\u00e1pidamente la tasa de pobreza, d\u00e1ndole muchas oportunidades a la clase media, solucionando los problemas tradicionales que hab\u00edamos tenido. Por ejemplo, la falta de vivienda, disminuyendo las listas de espera. Chile era un pa\u00eds lleno de posibilidades, y hoy es un pa\u00eds chato, en que la gente est\u00e1 asustada de muchas cosas, siente que el esfuerzo no le recompensa, trabajan como enfermos pero no les recompensa. Mam\u00e1s que tienen hijos enfermos y no pasa nada, no los atienden, no los operan, nada. Mujeres con c\u00e1ncer que saben que cada d\u00eda que pasa y no la atienden, aumenta la probabilidad de que se muera. Para qu\u00e9 hablar de la vivienda, de las tomas que se han multiplicado y donde reina el crimen organizado. Y obviamente que lo peor de todo son los tres temas principales: una migraci\u00f3n descontrolada, el avance del crimen organizado a una velocidad muy preocupante y la creaci\u00f3n de 141 puestos de trabajo en un a\u00f1o, o sea, la nada misma. En Chile volvimos hacia atr\u00e1s, porque antes las preocupaciones eran b\u00e1sicamente c\u00f3mo mejorar el cuidado del medioambiente, c\u00f3mo tener mayor equidad, mayor inclusi\u00f3n. Hoy d\u00eda es que no te maten. Hoy d\u00eda es ver si tu hijo logra encontrar una pega despu\u00e9s de estudiar cinco a\u00f1os. Por eso creo que hemos retrocedido. Y todo esto se inici\u00f3 en el segundo gobierno de la presidenta Bachelet.<\/p>\n<p>Tanto en la extrema izquierda como en la extrema derecha saben que yo gano en segunda vuelta a cualquiera. Por lo tanto, tengo la impresi\u00f3n de que se han puesto de acuerdo ambos para tratar de que yo no pase. Unos me tildan de izquierdista y otros de golpista.<\/p>\n<p>En materia pol\u00edtica, yo siempre he sido muy preocupada de los resultados. De mejorar la calidad de vida de la gente. Nunca he sido hiperideol\u00f3gica. De hecho, detesto los extremos. Los detesto con toda mi alma. Creo, adem\u00e1s, que cuando t\u00fa llevas el p\u00e9ndulo a un extremo muy fuertemente, lo que va a pasar es que se va a ir con la misma fuerza al otro extremo. Y creo que eso es lejos lo peor que le puede pasar a un pa\u00eds.<\/p>\n<p>Quise hacer p\u00fablico lo de las cuentas bots por varias razones. Una, porque no es forma de hacer pol\u00edtica. Si nosotros permitimos que la fuerza bruta se instale en pol\u00edtica, al final, \u00bfsabes qui\u00e9nes son los que van a ganar? Los narcos, porque ellos son los que tienen m\u00e1s fuerza bruta. O tenemos marcos dentro de los cuales nos movemos o justificamos el que la fuerza se imponga. Y si se impone la fuerza, cr\u00e9ame, van a ser los narcos los que van a ganar.<\/p>\n<p>Cuando vi que una persona (Jos\u00e9 Antonio Kast) pidi\u00f3 disculpas en p\u00fablico, uno perdona en p\u00fablico. Lo cual no significa que no estemos absolutamente alertas a que no vuelva a ocurrir. Espero que no.<\/p>\n<p>Cuando se enter\u00f3 de la muerte del expresidente Pi\u00f1era, Evelyn Matthei no lo pod\u00eda creer. Dice extra\u00f1arlo mucho. Foto: Andr\u00e9s P\u00e9rez. Andres Perez<br \/>\nQueremos cerrar las fronteras en un a\u00f1o. Cada vez que uno quiere luchar contra algo, lo primero que necesita es informaci\u00f3n. Si uno no tiene informaci\u00f3n, la lucha es ciega y nunca vas a ganar una lucha ciega. \u00bfC\u00f3mo tenemos informaci\u00f3n de una frontera que tiene mil kil\u00f3metros? Obviamente que no con personas, esto significa c\u00e1maras y, sobre todo, c\u00e1maras desde el aire, porque son las que te dan la panor\u00e1mica completa. En ese sentido, hay varias herramientas, pero las dos m\u00e1s poderosas son 1) aviones y helic\u00f3pteros no tripulados y 2) sat\u00e9lites. Eso te da la informaci\u00f3n. En algunos lugares pueden haber c\u00e1maras terrestres, pero en mil kil\u00f3metros es m\u00e1s eficiente y eficaz la informaci\u00f3n que puedes tener desde el aire. Y una vez que t\u00fa recibes una alerta, tienes que ser capaz de desplegarte muy r\u00e1pido operativamente. En Providencia, nosotros decidimos que nuestros patrulleros ten\u00edan que llegar en dos minutos y medio cuando alguien ped\u00eda socorro. Pasamos de veintis\u00e9is minutos a dos minutos y medio: dividimos Providencia en \u00e1reas en las que un motorista pod\u00eda cruzar en ese tiempo. Entonces, te fijas el objetivo y despu\u00e9s dise\u00f1as las pol\u00edticas. Esa es la forma de organizar. En algunos lugares vas a llegar con helic\u00f3ptero, en otros con moto. En otro quiz\u00e1s vas a dejar que bajen hasta cierto punto y los vas a pillar. Esa estrategia se debe ir haciendo de acuerdo al terreno. Lo primero es la informaci\u00f3n y lo segundo, tener la decisi\u00f3n total y absoluta de que no los vas a dejar entrar. A ninguno. Despu\u00e9s dise\u00f1as todo el resto: ad\u00f3nde vas a llevar, por ejemplo, a los que detuviste. C\u00f3mo vas a llegar r\u00e1pido. Qu\u00e9 tipo de gente va a actuar, si necesitas carabineros, PDI. T\u00fa vas armando, pero todo parte de la informaci\u00f3n.<\/p>\n<p>Tambi\u00e9n queremos recuperar La Araucan\u00eda en un a\u00f1o. Ah\u00ed hay mucha informaci\u00f3n de qui\u00e9nes son los que operan. Esa informaci\u00f3n existe hace mucho tiempo. Eso significa penetrar sus instituciones, tener gente que te reporte. Pero, tambi\u00e9n, mucha informaci\u00f3n desde el aire. Y ah\u00ed, claro, hay dos helic\u00f3pteros no tripulados, pero necesitamos m\u00e1s. Y necesitamos, adem\u00e1s, que en todo lugar de La Araucan\u00eda haya telecomunicaci\u00f3n, porque hay algunas zonas que no tienen.<\/p>\n<p>La izquierda cuando habla de delincuencia piensa en los pobres ni\u00f1os que no han tenido oportunidades, y cuando la derecha piensa en delincuencia son m\u00e1s c\u00e1rceles, m\u00e1s carabineros y m\u00e1s detenidos. Y la verdad es que son ambos. Uno sin el otro no funciona y el otro sin el uno tampoco funciona. Cuando fuimos a Medell\u00edn, ellos nos dijeron: tienes que entrar con toda la fuerza, detenerlos y meterlos a la c\u00e1rcel y todo, pero inmediatamente tienes que meterte en este lugar y ver c\u00f3mo lograr que los j\u00f3venes, sobre todo hombres, entre 12 y 18 a\u00f1os, se sientan parte de algo. Porque la cultura narco les da eso, les da el sentido de pertenencia. Por eso hacen los funerales narco y est\u00e1 la est\u00e9tica, c\u00f3mo se visten, etc. Entonces, t\u00fa tienes que darle otro sentido de pertenencia, que puede ser m\u00fasica, danza, f\u00fatbol, muchas cosas alternativas. En Medell\u00edn le dieron mucho a la m\u00fasica urbana, a la danza urbana y, de hecho, han exportado muy buenos artistas.<\/p>\n<p>Hace una semana, la candidata resolvi\u00f3 perdonar a Jos\u00e9 Antonio Kast por los ataques que recibi\u00f3 de bots de Republicanos. Foto: Andr\u00e9s P\u00e9rez. Andres Perez<br \/>\nPens\u00e9 en Claudio Bravo como ministro del Deporte porque entiende todo eso. \u00c9l ha estado haciendo como una despedida del f\u00fatbol, se ha juntado con m\u00e1s de cinco mil ni\u00f1os en distintos lugares de Chile y s\u00e9 que \u00e9l ha visto ni\u00f1os que se sienten solos, abandonados, con baja autoestima, con sobrepeso. Ni\u00f1os que son tan d\u00e9biles en lo emocional, que se los estamos dando en bandeja al narcotr\u00e1fico. Entonces Claudio Bravo, primero, es un hombre que hizo maravillas en el f\u00fatbol y que es admirado por todo el mundo, gran capit\u00e1n. Pero, adem\u00e1s, tiene esa visi\u00f3n de c\u00f3mo vamos a ayudar a los ni\u00f1os.<\/p>\n<p>La \u00faltima vez que habl\u00e9 con Sebasti\u00e1n Pi\u00f1era fue en su casa, fuimos Karla Rubilar y yo a verlo a su casa. Ten\u00edamos un tema con unas candidaturas, etc, lo llamamos y dijo: ya, v\u00e9nganse a la tarde. Fuimos all\u00e1, nos fuimos al tercer piso, conversamos, nos regal\u00f3 un collar y unos aritos a ella y a m\u00ed. Y conversamos con mucha, mucha alegr\u00eda. Eso debe haber sido en octubre, yo creo. Despu\u00e9s, algunas veces nos escrib\u00edamos por WhatsApp.<\/p>\n<p>Cuando me llaman para decirme que hab\u00eda fallecido, no pod\u00eda creerlo&#8230; de verdad, es de esas cosas que t\u00fa te quedas en shock. Era una persona con tanta vitalidad, que estaba en todas partes, que llenaba todos los espacios. Que estaba conectado con todo el mundo&#8230; yo no pod\u00eda creerlo. Lo echamos mucho de menos, hasta el d\u00eda de hoy.<\/p>\n<p>Sebasti\u00e1n Pi\u00f1era fue un gran hombre y por eso me duele tanto que alguien haya dicho que era el peor Presidente despu\u00e9s de Allende. Lo encuentro de una injusticia y de una bajeza terrible.<\/p>\n<p>Las encuestas son una foto del momento, no el resultado final. A m\u00ed me interesa m\u00e1s caminar por las ferias o hablar con trabajadores y que me cuenten lo que viven. En las calles, en Arica, Antofagasta, Concepci\u00f3n o Temuco siento un enorme cari\u00f1o de la gente. Eso vale m\u00e1s que cualquier n\u00famero.<\/p>\n<p>Hay mucha gente que no dice por qui\u00e9n vota porque no quiere pelear con nadie. Gente tranquila, que trabaja, que est\u00e1 cansada del ruido. Ese voto existe, y suele decidir las elecciones.<\/p>\n<p>Matthei promete cerrar las fronteras en un a\u00f1o y, en ese mismo plazo, \u00abrecuperar La Araucan\u00eda\u00bb. Foto: Andr\u00e9s P\u00e9rez. Andres Perez<br \/>\nMi mayor dolor en la pol\u00edtica es ver c\u00f3mo se ha ido desprestigiando el servicio p\u00fablico. Entr\u00e9 a esto para hacer las cosas bien, no para ver c\u00f3mo se pierde el respeto por la pega bien hecha, c\u00f3mo se pierden los recursos que son para los chilenos.<\/p>\n<p>Lo m\u00e1s dif\u00edcil de la pol\u00edtica es que a veces uno tiene que escuchar tonteras y tener paciencia\u2026 y a m\u00ed no me sobra tanto.<\/p>\n<p>Lo bueno de las redes sociales es que la gente te habla directo. Lo malo, que muchos se esconden para insultar. Yo no tengo problema con que me critiquen, pero con respeto, como en la vida real.<\/p>\n<p>Me cae bien Johannes Kaiser. Podemos pensar distinto en varias cosas, pero conversar no hace da\u00f1o. Adem\u00e1s, un poco de humor pol\u00edtico no le viene mal a nadie, por eso dije que me tomar\u00eda feliz una cervecita con \u00e9l.<\/p>\n<p>Si no me hubiera dedicado a la pol\u00edtica, me hubiera gustado ser profesora. Siempre me gust\u00f3 ense\u00f1ar, ver c\u00f3mo alguien entiende algo que antes le costaba. Me habr\u00eda gustado tambi\u00e9n ser m\u00e9dico.<\/p>\n<p>Me mato de la risa con los memes que me hacen. Si uno no se toma con humor lo que hacen de uno, est\u00e1 perdida. Mientras la gente se r\u00eda conmigo y no de m\u00ed, todo bien. Mi favorito es uno de Usain Bolt. Y las imitaciones en El Muro me sacan carcajadas.<\/p>\n<p>Mi sue\u00f1o pendiente es que Chile vuelva a confiar en s\u00ed mismo. No somos un pa\u00eds fracasado. S\u00f3lo nos falta volver a creer en el trabajo bien hecho y en el respeto.<\/p>\n<p>En su diagn\u00f3stico, la candidata asegura que Chile retrocedi\u00f3 20 a\u00f1os. Foto: Andr\u00e9s P\u00e9rez. Andres Perez<br \/>\n\u00bfUn apodo m\u00edo que no se sepa? Yo creo que todos se conocen\u2026 La Gringa. Y ahora \u00faltimo, el t\u00eda Evelyn que me encanta.<\/p>\n<p>No tengo ninguna c\u00e1bala. Creo m\u00e1s en la disciplina que en la suerte.<\/p>\n<p>\u00bfMi frase favorita? La contralora nos record\u00f3 hace unos d\u00edas un poema de Gabriela Mistral que me encanta: \u201cEl placer de servir\u201d. \u201cDonde haya un \u00e1rbol que plantar, pl\u00e1ntalo t\u00fa; Donde haya un error que enmendar, enmi\u00e9ndalo t\u00fa; Donde haya un esfuerzo que todos esquivan, ac\u00e9ptalo t\u00fa. S\u00e9 el que aparta la piedra del camino, el odio entre los corazones y las dificultades del problema\u201d.<\/p>\n<p>Fui economista, profesora universitaria, mam\u00e1, senadora, ministra, alcaldesa. He hecho hartas cosas.<\/p>\n<p>Mi primer sueldo lo gast\u00e9 en un par de zapatos decentes y un regalo para mi mam\u00e1. Siempre hay que recordar de d\u00f3nde viene uno.<\/p>\n<p>Escucho de todo un poco. Me gustan los Beatles, la m\u00fasica cl\u00e1sica y algunas rom\u00e1nticas, como Marco Antonio Sol\u00eds. Tambi\u00e9n Shakira para bailar. Hay un video muy divertido bailando \u201cOjos As\u00ed\u201d con Lucho Jara. Y canciones que te acompa\u00f1an.<\/p>\n<p>La candidata de Chile Vamos est\u00e1 convencida de que avanzar\u00e1 a la segunda vuelta. Foto: Andr\u00e9s P\u00e9rez. Andres Perez<br \/>\nLos mariscos me encantan. Un rico plato de porotos granados con mazamorra tambi\u00e9n. Hay muchas comidas que me gustan.<\/p>\n<p>Llor\u00e9 con En busca de la felicidad. Me record\u00f3 a lo que significa sacar la vida adelante sin rendirse.<\/p>\n<p>Si tuviera un superpoder ser\u00eda escuchar m\u00e1s r\u00e1pido\u2026 a veces la gente no necesita soluciones, solo ser escuchada a tiempo.<\/p>\n<p>Un placer culpable que tengo son los chocolates. Me relajan\u2026 y me dan hambre.<\/p>\n<p>No creo en el hor\u00f3scopo, pero igual lo miro.<\/p>\n<p>Si pudiera invitar a tres famosos de la historia a un asado ser\u00eda a Arturo Prat, Gabriela Mistral y a Jos\u00e9 Sulantay. Invitar\u00eda a tres chilenos muy diferentes, pero estoy segura de que ser\u00eda un asado muy entretenido. Arturo Prat, por su amor a la patria, entrega y valent\u00eda. A Gabriela Mistral, una mujer con coraje y personalidad, adelantada a su \u00e9poca, que llev\u00f3 nuestro pa\u00eds a lo m\u00e1s alto con su poes\u00eda. Y al Negrito Sulantay, gran iniciador de nuestros campeones de Am\u00e9rica. Lo quise mucho. Lo conoc\u00ed en La Serena y ser\u00eda muy lindo verlo otra vez.<\/p>\n<p>Evelyn Matthei es una mujer trabajadora, con car\u00e1cter, que se equivoca pero no se esconde. Una mujer que no vino a gustarle a todos, vino a hacer las cosas bien.<br \/>\nhttps:\/\/www.lacuarta.com\/chile\/noticia\/la-firme-presidencial-con-evelyn-matthei-me-duele-que-digan-que-pinera-es-el-peor-presidente-despues-de-allende\/<br \/>\nFUENTE. LA CUARTA.COM<br \/>\nMEDIO DE DIFUSION, SIN FIN DE LUCRO ALGUNO <\/p>\n","protected":false},"excerpt":{"rendered":"<p>Lo que ocurre un mi\u00e9rcoles a las 09.15 horas cuando Evelyn Matthei llega al Mercado Mayorista Lo Valledor, se re\u00fane con su equipo en el edificio de administraci\u00f3n y atraviesa la Calle 1 con direcci\u00f3n al Pin Uno, tradicional restaurante a cargo de surtir de desayunos y comidas a los trabajadores, para dialogar con su [&hellip;]<\/p>\n","protected":false},"author":51,"featured_media":0,"comment_status":"open","ping_status":"open","sticky":false,"template":"","format":"standard","meta":{"footnotes":""},"categories":[8,7,4,9,5,16,30,1,31,11],"tags":[205,46,1450,994],"class_list":["post-29578","post","type-post","status-publish","format-standard","hentry","category-cultura","category-deporte","category-economia","category-educacion","category-internacional","category-nacional","category-policial","category-uncategorized","category-salud","category-tendencias","tag-chile","tag-elecciones","tag-elecciones-2025","tag-evelyn-matthei"],"_links":{"self":[{"href":"http:\/\/www.lanuevaopcion.cl\/index.php?rest_route=\/wp\/v2\/posts\/29578","targetHints":{"allow":["GET"]}}],"collection":[{"href":"http:\/\/www.lanuevaopcion.cl\/index.php?rest_route=\/wp\/v2\/posts"}],"about":[{"href":"http:\/\/www.lanuevaopcion.cl\/index.php?rest_route=\/wp\/v2\/types\/post"}],"author":[{"embeddable":true,"href":"http:\/\/www.lanuevaopcion.cl\/index.php?rest_route=\/wp\/v2\/users\/51"}],"replies":[{"embeddable":true,"href":"http:\/\/www.lanuevaopcion.cl\/index.php?rest_route=%2Fwp%2Fv2%2Fcomments&post=29578"}],"version-history":[{"count":1,"href":"http:\/\/www.lanuevaopcion.cl\/index.php?rest_route=\/wp\/v2\/posts\/29578\/revisions"}],"predecessor-version":[{"id":29579,"href":"http:\/\/www.lanuevaopcion.cl\/index.php?rest_route=\/wp\/v2\/posts\/29578\/revisions\/29579"}],"wp:attachment":[{"href":"http:\/\/www.lanuevaopcion.cl\/index.php?rest_route=%2Fwp%2Fv2%2Fmedia&parent=29578"}],"wp:term":[{"taxonomy":"category","embeddable":true,"href":"http:\/\/www.lanuevaopcion.cl\/index.php?rest_route=%2Fwp%2Fv2%2Fcategories&post=29578"},{"taxonomy":"post_tag","embeddable":true,"href":"http:\/\/www.lanuevaopcion.cl\/index.php?rest_route=%2Fwp%2Fv2%2Ftags&post=29578"}],"curies":[{"name":"wp","href":"https:\/\/api.w.org\/{rel}","templated":true}]}}