{"id":29568,"date":"2025-10-20T08:55:33","date_gmt":"2025-10-20T08:55:33","guid":{"rendered":"http:\/\/www.lanuevaopcion.cl\/?p=29568"},"modified":"2025-10-20T08:55:33","modified_gmt":"2025-10-20T08:55:33","slug":"%e2%80%9cnos-tenemos-mucho-carino-mutuo%e2%80%9d-jean-philippe-cretton-respondio-a-los-rumores-sobre-supuesto-romance-con-carla-jara","status":"publish","type":"post","link":"http:\/\/www.lanuevaopcion.cl\/?p=29568","title":{"rendered":"\u201cNos tenemos mucho cari\u00f1o mutuo\u201d: Jean-Philippe Cretton respondi\u00f3 a los rumores sobre supuesto romance con Carla Jara"},"content":{"rendered":"<p><img loading=\"lazy\" decoding=\"async\"  alt=\"\" src=\"https:\/\/www.lacuarta.com\/resizer\/v2\/OPDU3ETYLRE6PFHKX2PT6UVG7A.jpg?auth=5673e9ee5a14875b36c5721f0fb926816ee51a20f601b9b5bf120d02a38ffd6b&#038;smart=true&#038;width=420&#038;height=236&#038;quality=70\" class=\"alignleft\" width=\"420\" height=\"236\" \/ class=\"alignleft\" style=\"margin-right:15px;margin-bottom:10px;float:left;\" ><br \/>\nEn el reciente cap\u00edtulo de \u201cOnly Fama\u201d, Jean-Philippe Cretton respondi\u00f3 a los rumores que lo vinculan sentimentalmente con Carla Jara.<\/p>\n<p>Cabe recordar que desde hace un tiempo comenzaron a surgir las especulaciones sobre un supuesto romance entre el conductor de \u201cMi Nombre Es\u201d y la encargada del backstage del programa.<br \/>\n<!--more--><br \/>\nSeg\u00fan detallaron en el programa de Mega, los \u201crumores de pasillo\u201d de TVN apuntan a un supuesto romance entre el comunicador y la exMekano.<\/p>\n<p>Por un lado, le preguntaron a Pamela D\u00edaz sobre la supuesta nueva relaci\u00f3n de su expareja. \u201cNo opino nada\u201d, respondi\u00f3 con una sonrisa la Fiera. Mientras que Willy Sabor asegur\u00f3 que ser\u00edan una \u201cbonita pareja, los dos bonitos, el hijo saldr\u00eda como Brad Pitt\u201d.<\/p>\n<p>La respuesta de Cretton<br \/>\nAnte las especulaciones, \u201cOnly Fama\u201d le pregunt\u00f3 directamente a Jean Philippe Cretton sobre los rumores. El conductor se tom\u00f3 con humor la situaci\u00f3n y brome\u00f3 sobre su supuesta relaci\u00f3n con Carla.<\/p>\n<p>\u201cEstamos pololeando hace ya bastante tiempo\u201d, respondi\u00f3 entre risas el comunicador.<\/p>\n<p>No obstante, aclar\u00f3 que \u201cyo estoy soltero, feliz soltero. Con la Carlita tenemos una relaci\u00f3n de larga data, trabajamos juntos, aqu\u00ed mismo de hecho, hace ya como 15 a\u00f1os, no s\u00e9\u201d.<\/p>\n<p>\u201cAs\u00ed que nos tenemos mucho cari\u00f1o mutuo\u201d, cerr\u00f3 Cretton, descartando los rumores que lo vinculaban con Carla Jara.<br \/>\nhttps:\/\/www.lacuarta.com\/espectaculos\/noticia\/nos-tenemos-mucho-carino-mutuo-jean-philippe-cretton-respondio-a-los-rumores-sobre-supuesto-romance-con-carla-jara\/<br \/>\nFUENTE. LA CUARTA.COM<br \/>\nMEDIO DE DIFUSION, SIN FIN DE LUCRO ALGUNO <\/p>\n","protected":false},"excerpt":{"rendered":"<p>En el reciente cap\u00edtulo de \u201cOnly Fama\u201d, Jean-Philippe Cretton respondi\u00f3 a los rumores que lo vinculan sentimentalmente con Carla Jara. Cabe recordar que desde hace un tiempo comenzaron a surgir las especulaciones sobre un supuesto romance entre el conductor de \u201cMi Nombre Es\u201d y la encargada del backstage del programa.<\/p>\n","protected":false},"author":51,"featured_media":0,"comment_status":"open","ping_status":"open","sticky":false,"template":"","format":"standard","meta":{"footnotes":""},"categories":[8,16,31,11],"tags":[55,138,45],"class_list":["post-29568","post","type-post","status-publish","format-standard","hentry","category-cultura","category-nacional","category-salud","category-tendencias","tag-entretencion","tag-espectaculo","tag-television"],"_links":{"self":[{"href":"http:\/\/www.lanuevaopcion.cl\/index.php?rest_route=\/wp\/v2\/posts\/29568","targetHints":{"allow":["GET"]}}],"collection":[{"href":"http:\/\/www.lanuevaopcion.cl\/index.php?rest_route=\/wp\/v2\/posts"}],"about":[{"href":"http:\/\/www.lanuevaopcion.cl\/index.php?rest_route=\/wp\/v2\/types\/post"}],"author":[{"embeddable":true,"href":"http:\/\/www.lanuevaopcion.cl\/index.php?rest_route=\/wp\/v2\/users\/51"}],"replies":[{"embeddable":true,"href":"http:\/\/www.lanuevaopcion.cl\/index.php?rest_route=%2Fwp%2Fv2%2Fcomments&post=29568"}],"version-history":[{"count":1,"href":"http:\/\/www.lanuevaopcion.cl\/index.php?rest_route=\/wp\/v2\/posts\/29568\/revisions"}],"predecessor-version":[{"id":29569,"href":"http:\/\/www.lanuevaopcion.cl\/index.php?rest_route=\/wp\/v2\/posts\/29568\/revisions\/29569"}],"wp:attachment":[{"href":"http:\/\/www.lanuevaopcion.cl\/index.php?rest_route=%2Fwp%2Fv2%2Fmedia&parent=29568"}],"wp:term":[{"taxonomy":"category","embeddable":true,"href":"http:\/\/www.lanuevaopcion.cl\/index.php?rest_route=%2Fwp%2Fv2%2Fcategories&post=29568"},{"taxonomy":"post_tag","embeddable":true,"href":"http:\/\/www.lanuevaopcion.cl\/index.php?rest_route=%2Fwp%2Fv2%2Ftags&post=29568"}],"curies":[{"name":"wp","href":"https:\/\/api.w.org\/{rel}","templated":true}]}}