{"id":29566,"date":"2025-10-17T11:20:57","date_gmt":"2025-10-17T11:20:57","guid":{"rendered":"http:\/\/www.lanuevaopcion.cl\/?p=29566"},"modified":"2025-10-17T11:20:57","modified_gmt":"2025-10-17T11:20:57","slug":"%e2%80%9c%c2%a1%c2%bfa-que-parisi-le-creo%e2%80%9c-ivan-nunez-frena-en-vivo-al-candidato-y-exhibe-video-que-lo-obliga-a-explicar-polemica-frase","status":"publish","type":"post","link":"http:\/\/www.lanuevaopcion.cl\/?p=29566","title":{"rendered":"\u201c\u00a1\u00bfA qu\u00e9 Parisi le creo?!\u201c: Iv\u00e1n N\u00fa\u00f1ez frena en vivo al candidato y exhibe video que lo obliga a explicar pol\u00e9mica frase"},"content":{"rendered":"<p><img loading=\"lazy\" decoding=\"async\"  alt=\"\" src=\"https:\/\/www.lacuarta.com\/resizer\/v2\/MSXU3EWP4ZHOJHZ7CU6GVVSTJM.jpg?auth=911b19efce578456f9f1bfd7ccec96df1ed9b3c75ca3b20f27a48ec2cbc25b39&#038;focal=975%2C527&#038;width=420&#038;height=236&#038;quality=70\" class=\"alignleft\" width=\"420\" height=\"236\" \/ class=\"alignleft\" style=\"margin-right:15px;margin-bottom:10px;float:left;\" ><br \/>\nFue en agosto pasado, en el marco de un foro que lo reuni\u00f3 con otros candidatos a La Moneda, cuando el abanderado del Partido de la Gente, Franco Parisi, emiti\u00f3 una pol\u00e9mica frase dirigida a los trabajadores mineros.<\/p>\n<p>\u201cOjal\u00e1 que se compren una camioneta m\u00e1s grande, ojal\u00e1 que enchulen a la vieja si quieren\u201c, dijo en aquella ocasi\u00f3n, generando la controversia.<\/p>\n<p>En su paso por \u201cCandidato, lleg\u00f3 tu hora\u201d de TVN, el economista fue consultado por este momento, por lo que intent\u00f3 aclarar a qu\u00e9 se refer\u00eda.<br \/>\n<!--more--><\/p>\n<p>\u00bfQu\u00e9 respondi\u00f3 Franco Parisi?<br \/>\n\u201cRisas, risas, no hubo. Fue un momento inc\u00f3modo. \u00bfQu\u00e9 quiso decir con eso?\u201c, le consult\u00f3 Iv\u00e1n N\u00fa\u00f1ez.<\/p>\n<p>\u201c\u00bfEn qu\u00e9 parte? \u00bfEn \u2018que les vaya bien\u2019?\u201c, replic\u00f3 el candidato, a lo que el periodista le pidi\u00f3 que \u201dno me tire la pelota al c\u00f3rner. A eso de que enchulen a las viejas\u00bb.<\/p>\n<p>Luego, el acad\u00e9mico jur\u00f3 que se refer\u00eda a las camionetas, pero el rostro de TVN lo fren\u00f3.<\/p>\n<p>\u201c\u00bfA qu\u00e9 Parisi le creo? \u00bfA este o a este?\u201c, volvi\u00f3 a preguntar N\u00fa\u00f1ez, dando paso a la confesi\u00f3n que recientemente le hab\u00eda hecho a Pedro Carcuro (en una entrevista para el mismo canal).<\/p>\n<p>\u201cFue a prop\u00f3sito. Nosotros practicamos esa frase, la discutimos y sab\u00edamos el momento de tirarla. Ten\u00edamos ubicada a la gente, a los que iban a alegar. Las feminazis que apoyan a la se\u00f1ora Jara. Uno tiene que ser provocador (\u2026) uno tiene que provocar, los l\u00edderes provocamos\u201d, dijo en aquella charla.<\/p>\n<p>As\u00ed las cosas, luego que Iv\u00e1n N\u00fa\u00f1ez lo instara a que responda si se refer\u00eda a la vieja camioneta o a las mujeres, Parisi asegur\u00f3 que \u201ca la vieja camioneta, nunca voy a decir una cosa as\u00ed. Sab\u00eda que iban a reaccionar de esa forma. Uno tiene que ser provocador en la pol\u00edtica, si no, no llama la atenci\u00f3n, te cambian. Por eso mis dichos son \u2018nosotros no somos ni fachos ni comunachos\u2019. Es excelente porque nadie quiere ser facho y hasta la candidata Jara no quiere ser comunacha, se disfraza de que no es\u201d.\u200c<br \/>\nhttps:\/\/www.lacuarta.com\/chile\/noticia\/a-que-parisi-le-creo-ivan-nunez-frena-en-vivo-al-candidato-y-exhibe-video-que-lo-obliga-a-explicar-polemica-frase\/<br \/>\nFUENTE. LA CUARTA.COM<br \/>\nMEDIO DE DIFUSION, SIN FIN DE LUCRO ALGUNO <\/p>\n","protected":false},"excerpt":{"rendered":"<p>Fue en agosto pasado, en el marco de un foro que lo reuni\u00f3 con otros candidatos a La Moneda, cuando el abanderado del Partido de la Gente, Franco Parisi, emiti\u00f3 una pol\u00e9mica frase dirigida a los trabajadores mineros. \u201cOjal\u00e1 que se compren una camioneta m\u00e1s grande, ojal\u00e1 que enchulen a la vieja si quieren\u201c, dijo [&hellip;]<\/p>\n","protected":false},"author":51,"featured_media":0,"comment_status":"open","ping_status":"open","sticky":false,"template":"","format":"standard","meta":{"footnotes":""},"categories":[8,4,9,5,16,30,1,31,11],"tags":[1575,1576,45],"class_list":["post-29566","post","type-post","status-publish","format-standard","hentry","category-cultura","category-economia","category-educacion","category-internacional","category-nacional","category-policial","category-uncategorized","category-salud","category-tendencias","tag-candidato-presidencial","tag-ivan-nunez","tag-television"],"_links":{"self":[{"href":"http:\/\/www.lanuevaopcion.cl\/index.php?rest_route=\/wp\/v2\/posts\/29566","targetHints":{"allow":["GET"]}}],"collection":[{"href":"http:\/\/www.lanuevaopcion.cl\/index.php?rest_route=\/wp\/v2\/posts"}],"about":[{"href":"http:\/\/www.lanuevaopcion.cl\/index.php?rest_route=\/wp\/v2\/types\/post"}],"author":[{"embeddable":true,"href":"http:\/\/www.lanuevaopcion.cl\/index.php?rest_route=\/wp\/v2\/users\/51"}],"replies":[{"embeddable":true,"href":"http:\/\/www.lanuevaopcion.cl\/index.php?rest_route=%2Fwp%2Fv2%2Fcomments&post=29566"}],"version-history":[{"count":1,"href":"http:\/\/www.lanuevaopcion.cl\/index.php?rest_route=\/wp\/v2\/posts\/29566\/revisions"}],"predecessor-version":[{"id":29567,"href":"http:\/\/www.lanuevaopcion.cl\/index.php?rest_route=\/wp\/v2\/posts\/29566\/revisions\/29567"}],"wp:attachment":[{"href":"http:\/\/www.lanuevaopcion.cl\/index.php?rest_route=%2Fwp%2Fv2%2Fmedia&parent=29566"}],"wp:term":[{"taxonomy":"category","embeddable":true,"href":"http:\/\/www.lanuevaopcion.cl\/index.php?rest_route=%2Fwp%2Fv2%2Fcategories&post=29566"},{"taxonomy":"post_tag","embeddable":true,"href":"http:\/\/www.lanuevaopcion.cl\/index.php?rest_route=%2Fwp%2Fv2%2Ftags&post=29566"}],"curies":[{"name":"wp","href":"https:\/\/api.w.org\/{rel}","templated":true}]}}