{"id":29560,"date":"2025-10-15T08:31:55","date_gmt":"2025-10-15T08:31:55","guid":{"rendered":"http:\/\/www.lanuevaopcion.cl\/?p=29560"},"modified":"2025-10-15T08:31:57","modified_gmt":"2025-10-15T08:31:57","slug":"%e2%80%9c%c2%a1va-a-dar-para-otro-meme%e2%80%9d-el-doble-lapsus-de-jeannette-jara-que-hizo-reir-a-todos-en-ra-otro-meme%e2%80%9d-el-doble-lapsus-pleno-debate","status":"publish","type":"post","link":"http:\/\/www.lanuevaopcion.cl\/?p=29560","title":{"rendered":"\u201c\u00a1Va a dar para otro meme!\u201d: El doble lapsus de Jeannette Jara que hizo re\u00edr a todos en ra otro meme!\u201d: El doble lapsus pleno debate"},"content":{"rendered":"<p><img loading=\"lazy\" decoding=\"async\"  alt=\"\" src=\"https:\/\/www.lacuarta.com\/resizer\/v2\/BDT4XFX7JNFNXIFQ4E5POVIAXA.jpg?auth=d021c9bf59b6ebe9d094ba4876bdd843ad1e0bba0cb88148f1ac2b3b4329be3a&#038;smart=true&#038;width=420&#038;height=236&#038;quality=70\" class=\"alignleft\" width=\"420\" height=\"236\" \/ class=\"alignleft\" style=\"margin-right:15px;margin-bottom:10px;float:left;\" ><br \/>\nUn inesperado momento protagoniz\u00f3 la candidata presidencial Jeannette Jara en el debate de la Enade 2025. Hasta ella misma se ri\u00f3.<\/p>\n<p>La abanderada del oficialismo fue la primera en intervenir en el encuentro organizado por el gremio empresarial y del cual participaron siete de los ocho candidatos.<\/p>\n<p>En su discurso, Jara parti\u00f3 destacando que se ha reunido con anterioridad con dirigentes empresariales y mencion\u00f3 su reciente encuentro con dirigentes de las medianas y peque\u00f1as empresas.<br \/>\n<!--more--><br \/>\nTambi\u00e9n apunt\u00f3 a su recorrido por el pa\u00eds y quiso entregar los \u201cejes centrales\u201d que tendr\u00eda su gesti\u00f3n de ser electa Presidenta.<\/p>\n<p>All\u00ed tuvo su primer lapsus: \u201cEl primero de ellos, sin lugar a dudas, es el combate a la seguridad p\u00fablica&#8230; perd\u00f3n, el combate a la delincuencia, fortaleciendo la seguridad p\u00fablica\u201d, se corrigi\u00f3.<\/p>\n<p>La frase sac\u00f3 risas en la audiencia y ella misma se lo tom\u00f3 con humor, echando la talla: \u201c\u00a1Ah\u00ed va a dar para otro meme! As\u00ed como que voy a tratar a los delincuentes con amor&#8230; \u00a1otro meme m\u00e1s! Son lapsus ling\u00fc\u00edsticos nom\u00e1s\u201d, afirm\u00f3.<\/p>\n<p>Encuentro Nacional de La Empresa en su version 2025 desde el centro de eventos Metropolitan Santiago Presentacion de Candidata Jeannette Jara Diego Martin \/Aton Chile Diego Martin<br \/>\nHubo segundo lapsus<br \/>\nPara reforzar el punto, insisti\u00f3 en su preocupaci\u00f3n por la seguridad p\u00fablica, que se debe combatir \u201cde manera fuerte pero tambi\u00e9n inteligente\u201d.<\/p>\n<p>En ese sentido, se refiri\u00f3 a los aplausos que recibi\u00f3 la contralora general Dorothy P\u00e9rez. Aqu\u00ed vendr\u00eda un segundo lapsus.<\/p>\n<p>\u201cEspero tambi\u00e9n, que en el combate contra el crimen organizado y el narcotr\u00e1fico, contemos con la misma evasi\u00f3n, ovaci\u00f3n, perd\u00f3n, para poder levantar el secreto bancario\u201d, alcanz\u00f3 a decir, antes de interrumpirse entre risas: \u201c\u00a1Yapo, con la cara que me miran me desconcentran!\u201d.<br \/>\nhttps:\/\/www.lacuarta.com\/chile\/noticia\/va-a-dar-para-otro-meme-el-doble-lapsus-de-jeannette-jara-que-hizo-reir-a-todos-en-pleno-debate\/<br \/>\nFUENTE. LA CUARTA.COM<br \/>\nMEDIO DE DIFUSION, SIN FIN DE LUCRO ALGUNO <\/p>\n","protected":false},"excerpt":{"rendered":"<p>Un inesperado momento protagoniz\u00f3 la candidata presidencial Jeannette Jara en el debate de la Enade 2025. Hasta ella misma se ri\u00f3. La abanderada del oficialismo fue la primera en intervenir en el encuentro organizado por el gremio empresarial y del cual participaron siete de los ocho candidatos. En su discurso, Jara parti\u00f3 destacando que se [&hellip;]<\/p>\n","protected":false},"author":51,"featured_media":0,"comment_status":"open","ping_status":"open","sticky":false,"template":"","format":"standard","meta":{"footnotes":""},"categories":[8,7,4,9,5,16,30,1,31,11],"tags":[1574],"class_list":["post-29560","post","type-post","status-publish","format-standard","hentry","category-cultura","category-deporte","category-economia","category-educacion","category-internacional","category-nacional","category-policial","category-uncategorized","category-salud","category-tendencias","tag-enade-2025"],"_links":{"self":[{"href":"http:\/\/www.lanuevaopcion.cl\/index.php?rest_route=\/wp\/v2\/posts\/29560","targetHints":{"allow":["GET"]}}],"collection":[{"href":"http:\/\/www.lanuevaopcion.cl\/index.php?rest_route=\/wp\/v2\/posts"}],"about":[{"href":"http:\/\/www.lanuevaopcion.cl\/index.php?rest_route=\/wp\/v2\/types\/post"}],"author":[{"embeddable":true,"href":"http:\/\/www.lanuevaopcion.cl\/index.php?rest_route=\/wp\/v2\/users\/51"}],"replies":[{"embeddable":true,"href":"http:\/\/www.lanuevaopcion.cl\/index.php?rest_route=%2Fwp%2Fv2%2Fcomments&post=29560"}],"version-history":[{"count":2,"href":"http:\/\/www.lanuevaopcion.cl\/index.php?rest_route=\/wp\/v2\/posts\/29560\/revisions"}],"predecessor-version":[{"id":29562,"href":"http:\/\/www.lanuevaopcion.cl\/index.php?rest_route=\/wp\/v2\/posts\/29560\/revisions\/29562"}],"wp:attachment":[{"href":"http:\/\/www.lanuevaopcion.cl\/index.php?rest_route=%2Fwp%2Fv2%2Fmedia&parent=29560"}],"wp:term":[{"taxonomy":"category","embeddable":true,"href":"http:\/\/www.lanuevaopcion.cl\/index.php?rest_route=%2Fwp%2Fv2%2Fcategories&post=29560"},{"taxonomy":"post_tag","embeddable":true,"href":"http:\/\/www.lanuevaopcion.cl\/index.php?rest_route=%2Fwp%2Fv2%2Ftags&post=29560"}],"curies":[{"name":"wp","href":"https:\/\/api.w.org\/{rel}","templated":true}]}}