{"id":29557,"date":"2025-10-14T11:15:23","date_gmt":"2025-10-14T11:15:23","guid":{"rendered":"http:\/\/www.lanuevaopcion.cl\/?p=29557"},"modified":"2025-10-14T11:15:23","modified_gmt":"2025-10-14T11:15:23","slug":"horror-en-pelarco-joven-madre-fue-rociada-con-bencina-por-su-pareja-y-quemada-frente-a-hija-de-tres-anos","status":"publish","type":"post","link":"http:\/\/www.lanuevaopcion.cl\/?p=29557","title":{"rendered":"Horror en Pelarco: joven madre fue rociada con bencina por su pareja y quemada frente a hija de tres a\u00f1os"},"content":{"rendered":"<p><img loading=\"lazy\" decoding=\"async\"  alt=\"\" src=\"https:\/\/www.lacuarta.com\/resizer\/v2\/H6ERWKJYVBEK7PRWCCB6E6NBTY.jpg?auth=c1f24a53c81fa07614fa9e0c6adb612de8883712496e74646d8f9a18eede9760&#038;focal=1022%2C500&#038;width=420&#038;height=236&#038;quality=70\" class=\"alignleft\" width=\"420\" height=\"236\" \/ class=\"alignleft\" style=\"margin-right:15px;margin-bottom:10px;float:left;\" ><br \/>\nAyer lunes, una joven de 26 a\u00f1os fue internada en estado grave en el Hospital de Talca, en la Regi\u00f3n del Maule, luego de que su pareja le rociara con bencina el rostro y le prendiera fuego en la comuna de Pelarco.<\/p>\n<p>De acuerdo a los primeros antecedentes, el hecho se registr\u00f3 al interior de una vivienda del sector El Manzano y habr\u00eda sido presenciado por la hija de ambos, una ni\u00f1a de apenas tres a\u00f1os.<br \/>\n<!--more--><br \/>\nThis is a modal window.The media could not be loaded, either because the server or network failed or because the format is not supported.<br \/>\nSi bien en primera instancia la v\u00edctima fue trasladada por familiares a un recinto asistencial de la comuna, debido a la gravedad de sus lesiones, la atenci\u00f3n m\u00e9dica tendr\u00e1 que continuar en la capital.<\/p>\n<p>Respecto al agresor, fue detenido por personal de Carabineros y pasar\u00e1 a control de detenci\u00f3n durante la ma\u00f1ana de este martes. Ser\u00e1 formalizado por femicidio frustrado.<\/p>\n<p>Apoyan a v\u00edctima y entorno<br \/>\nAl tanto de este dram\u00e1tico caso, la directora regional del Servicio Nacional de la Mujer y la Equidad de G\u00e9nero (Sernameg), Ana Cecilia Retamal, se\u00f1al\u00f3 que, tras el hecho, fue activado el Circuito Intersectorial de Femicidios (CIF), para otorgar ayuda multisectorial a la v\u00edctima y su entorno.<\/p>\n<p>\u201cCuando nos enteramos de los hechos, nos pusimos a disposici\u00f3n de la familia y activamos el CIF para brindar contenci\u00f3n y apoyo en todo lo que sea necesario\u201d, sostuvo.<br \/>\nhttps:\/\/www.lacuarta.com\/chile\/noticia\/horror-en-pelarco-joven-madre-fue-rociada-con-bencina-por-su-pareja-y-quemada-frente-a-hija-de-tres-anos\/<br \/>\nFUENTE. LA CUARTA.COM<br \/>\nMEDIO DE DIFUSION, SIN FIN DE LUCRO ALGUNO <\/p>\n","protected":false},"excerpt":{"rendered":"<p>Ayer lunes, una joven de 26 a\u00f1os fue internada en estado grave en el Hospital de Talca, en la Regi\u00f3n del Maule, luego de que su pareja le rociara con bencina el rostro y le prendiera fuego en la comuna de Pelarco. De acuerdo a los primeros antecedentes, el hecho se registr\u00f3 al interior de [&hellip;]<\/p>\n","protected":false},"author":51,"featured_media":0,"comment_status":"open","ping_status":"open","sticky":false,"template":"","format":"standard","meta":{"footnotes":""},"categories":[8,9,16,31,11],"tags":[27,205,93,1637],"class_list":["post-29557","post","type-post","status-publish","format-standard","hentry","category-cultura","category-educacion","category-nacional","category-salud","category-tendencias","tag-carabineros","tag-chile","tag-pais","tag-policial"],"_links":{"self":[{"href":"http:\/\/www.lanuevaopcion.cl\/index.php?rest_route=\/wp\/v2\/posts\/29557","targetHints":{"allow":["GET"]}}],"collection":[{"href":"http:\/\/www.lanuevaopcion.cl\/index.php?rest_route=\/wp\/v2\/posts"}],"about":[{"href":"http:\/\/www.lanuevaopcion.cl\/index.php?rest_route=\/wp\/v2\/types\/post"}],"author":[{"embeddable":true,"href":"http:\/\/www.lanuevaopcion.cl\/index.php?rest_route=\/wp\/v2\/users\/51"}],"replies":[{"embeddable":true,"href":"http:\/\/www.lanuevaopcion.cl\/index.php?rest_route=%2Fwp%2Fv2%2Fcomments&post=29557"}],"version-history":[{"count":1,"href":"http:\/\/www.lanuevaopcion.cl\/index.php?rest_route=\/wp\/v2\/posts\/29557\/revisions"}],"predecessor-version":[{"id":29558,"href":"http:\/\/www.lanuevaopcion.cl\/index.php?rest_route=\/wp\/v2\/posts\/29557\/revisions\/29558"}],"wp:attachment":[{"href":"http:\/\/www.lanuevaopcion.cl\/index.php?rest_route=%2Fwp%2Fv2%2Fmedia&parent=29557"}],"wp:term":[{"taxonomy":"category","embeddable":true,"href":"http:\/\/www.lanuevaopcion.cl\/index.php?rest_route=%2Fwp%2Fv2%2Fcategories&post=29557"},{"taxonomy":"post_tag","embeddable":true,"href":"http:\/\/www.lanuevaopcion.cl\/index.php?rest_route=%2Fwp%2Fv2%2Ftags&post=29557"}],"curies":[{"name":"wp","href":"https:\/\/api.w.org\/{rel}","templated":true}]}}