{"id":29553,"date":"2025-10-10T08:27:31","date_gmt":"2025-10-10T08:27:31","guid":{"rendered":"http:\/\/www.lanuevaopcion.cl\/?p=29553"},"modified":"2025-10-10T08:27:31","modified_gmt":"2025-10-10T08:27:31","slug":"lo-freno-en-seco-mas-de-una-vez-el-comentado-encontron-en-vivo-entre-mosciatti-y-jeannette-jara","status":"publish","type":"post","link":"http:\/\/www.lanuevaopcion.cl\/?p=29553","title":{"rendered":"Lo fren\u00f3 en sec\u00f3 m\u00e1s de una vez: el comentado encontr\u00f3n en vivo entre Mosciatti y Jeannette Jara"},"content":{"rendered":"<p><img loading=\"lazy\" decoding=\"async\"  alt=\"\" src=\"https:\/\/www.lacuarta.com\/resizer\/v2\/FRUQ3PGUDVB7LMGXYOMLYVYLSI.jpg?auth=eb6a97ea33728fe66ddd539bd8b45f85495bdfa25cc24db71fe5b8f6477d8e7d&#038;smart=true&#038;width=420&#038;height=236&#038;quality=70\" class=\"alignleft\" width=\"420\" height=\"236\" \/ class=\"alignleft\" style=\"margin-right:15px;margin-bottom:10px;float:left;\" ><br \/>\nUn intenso intercambio protagonizaron Tom\u00e1s Mosciatti y la candidata presidencial Jeannette Jara en las pantallas de Mega.<\/p>\n<p>La abanderada del oficialismo particip\u00f3 en el programa \u201cEl Candidato\u201d que incluye un segmento con el famoso entrevistador de Radio B\u00edo B\u00edo, llamado \u201cDe Frente\u201d.<br \/>\n<!--more--><!--more--><br \/>\nEn su estilo, Mosciatti comenz\u00f3 a acorralar a Jara con preguntas r\u00e1pidas y directias, hasta llegar al tema que termin\u00f3 por caldear el ambiente: Cuba.<\/p>\n<p>\u201c\u00bfEn Cuba hay democracia?\u201c y \u201c\u00bfEs una dictadura?\u201c, pregunt\u00f3 el anfitri\u00f3n. Jara respondi\u00f3 que \u201dno hay democracia\u201d y que si es una dictadura o no lo definir\u00e1n los cubanos.<\/p>\n<p>Mosciatti insisti\u00f3 y le pidi\u00f3 directamente hablar de dictadura: \u201cCuando hubo dictadura en Chile, la gente en el mundo dec\u00eda que aqu\u00ed hab\u00eda una dictadura&#8230; Haga lo mismo, pues\u201d.<\/p>\n<p>Jara se sorprendi\u00f3 con el emplazamiento y respondi\u00f3: \u201cPero por qu\u00e9 voy a decir algo que usted&#8230; Mire, le voy a decir algo, para que est\u00e9 tranquilo, yo no quiero traer el modelo cubano a Chile, no tengo ning\u00fan inter\u00e9s. Yo quiero ser Presidenta de los chilenos y chilenas\u201d, dijo, mirando a la c\u00e1mara.<\/p>\n<p>El comentado encontr\u00f3n en vivo entre Tom\u00e1s Mosciatti y Jeannette Jara<br \/>\nTenso cara a cara a cara entre Jara y Mosciatti<br \/>\nFrenando la interrupci\u00f3n del entrevistador, la candidata continu\u00f3 afirmando que \u201cel mundo tiene graves conflictos que no tiene que ver con Cuba. Lo que est\u00e1 haciendo Estados Unidos, Rusia, Israel&#8230;\u201d.<\/p>\n<p>Mosciatti intentaba insistir, incluso tuvo que levantar la voz, pero Jara no le dio espacio y sigui\u00f3: \u201cYo, chilenos y chilenas, no quiero traer el modelo cubano a Chile, no tengo ning\u00fan inter\u00e9s y quiero gobernar a los chilenos\u201d.<\/p>\n<p>Otro momento de tensi\u00f3n fue cuando se le pregunt\u00f3 si estaba de acuerdo con \u201cun Estado plurinacional\u201d. Jara contest\u00f3 que \u201cno\u201d y Mosciatti le dijo que entonces \u201ccambi\u00f3\u201d, porque hab\u00eda votado \u201cApruebo\u201d en el primer proceso constitucional.<\/p>\n<p>La exministra otra vez lo fren\u00f3 y no le permiti\u00f3 seguir para aclarar el punto. Lo acus\u00f3 de siempre atribuirle frases \u201cque no son efectivas\u201d y hacer \u201csupu<br \/>\nestos de cosas que no he dicho\u201d. Le explic\u00f3 que votar \u201cApruebo\u201d no quer\u00eda decir que concordara con cada punto de aquella propuesta.<br \/>\nhttps:\/\/www.lacuarta.com\/chile\/noticia\/lo-freno-en-seco-mas-de-una-vez-el-comentado-encontron-en-vivo-entre-mosciatti-y-jeannette-jara\/<br \/>\nFUENTE. LA CUARTA.COM<br \/>\nMEDIO DE DIFUSION , SIN FIN DE LUCRO ALGUNO <\/p>\n","protected":false},"excerpt":{"rendered":"<p>Un intenso intercambio protagonizaron Tom\u00e1s Mosciatti y la candidata presidencial Jeannette Jara en las pantallas de Mega. La abanderada del oficialismo particip\u00f3 en el programa \u201cEl Candidato\u201d que incluye un segmento con el famoso entrevistador de Radio B\u00edo B\u00edo, llamado \u201cDe Frente\u201d.<\/p>\n","protected":false},"author":51,"featured_media":0,"comment_status":"open","ping_status":"open","sticky":false,"template":"","format":"standard","meta":{"footnotes":""},"categories":[8,4,9,5,16,1,31,11],"tags":[201,1536],"class_list":["post-29553","post","type-post","status-publish","format-standard","hentry","category-cultura","category-economia","category-educacion","category-internacional","category-nacional","category-uncategorized","category-salud","category-tendencias","tag-entrevista","tag-tomas-mosciatti"],"_links":{"self":[{"href":"http:\/\/www.lanuevaopcion.cl\/index.php?rest_route=\/wp\/v2\/posts\/29553","targetHints":{"allow":["GET"]}}],"collection":[{"href":"http:\/\/www.lanuevaopcion.cl\/index.php?rest_route=\/wp\/v2\/posts"}],"about":[{"href":"http:\/\/www.lanuevaopcion.cl\/index.php?rest_route=\/wp\/v2\/types\/post"}],"author":[{"embeddable":true,"href":"http:\/\/www.lanuevaopcion.cl\/index.php?rest_route=\/wp\/v2\/users\/51"}],"replies":[{"embeddable":true,"href":"http:\/\/www.lanuevaopcion.cl\/index.php?rest_route=%2Fwp%2Fv2%2Fcomments&post=29553"}],"version-history":[{"count":1,"href":"http:\/\/www.lanuevaopcion.cl\/index.php?rest_route=\/wp\/v2\/posts\/29553\/revisions"}],"predecessor-version":[{"id":29554,"href":"http:\/\/www.lanuevaopcion.cl\/index.php?rest_route=\/wp\/v2\/posts\/29553\/revisions\/29554"}],"wp:attachment":[{"href":"http:\/\/www.lanuevaopcion.cl\/index.php?rest_route=%2Fwp%2Fv2%2Fmedia&parent=29553"}],"wp:term":[{"taxonomy":"category","embeddable":true,"href":"http:\/\/www.lanuevaopcion.cl\/index.php?rest_route=%2Fwp%2Fv2%2Fcategories&post=29553"},{"taxonomy":"post_tag","embeddable":true,"href":"http:\/\/www.lanuevaopcion.cl\/index.php?rest_route=%2Fwp%2Fv2%2Ftags&post=29553"}],"curies":[{"name":"wp","href":"https:\/\/api.w.org\/{rel}","templated":true}]}}