{"id":29551,"date":"2025-10-09T01:58:47","date_gmt":"2025-10-09T01:58:47","guid":{"rendered":"http:\/\/www.lanuevaopcion.cl\/?p=29551"},"modified":"2025-10-09T01:58:47","modified_gmt":"2025-10-09T01:58:47","slug":"%e2%80%9c%c2%a1son-impresionantemente-tontos%e2%80%9c-consuelo-veloso-explota-contra-diputados-que-rieron-cuando-revelo-problema-de-salud-mental","status":"publish","type":"post","link":"http:\/\/www.lanuevaopcion.cl\/?p=29551","title":{"rendered":"\u201c\u00a1Son impresionantemente tontos!\u201c: Consuelo Veloso explota contra diputados que rieron cuando revel\u00f3 problema de salud mental"},"content":{"rendered":"<p><img loading=\"lazy\" decoding=\"async\"  alt=\"\" src=\"https:\/\/www.lacuarta.com\/resizer\/v2\/GOYX4VRK3VFQTPN7Z2TZQ2B36U.jpg?auth=a521244288d983dbac37816c51ef53f5105bc499d742b719f1ac9b0820ab3ac8&#038;smart=true&#038;width=420&#038;height=236&#038;quality=70\" class=\"alignleft\" width=\"420\" height=\"236\" \/ class=\"alignleft\" style=\"margin-right:15px;margin-bottom:10px;float:left;\" ><br \/>\nUn tenso momento en plena sesi\u00f3n protagoniz\u00f3 la diputada Consuelo Veloso frente a diputados de oposici\u00f3n. La parlamentaria no aguant\u00f3 que rieran cuando revel\u00f3 que es paciente de salud mental.<\/p>\n<p>El episodio se origin\u00f3 cuando la sala de la C\u00e1mara de Diputadas y Diputados se alistaba a votar un proyecto de resoluci\u00f3n que solicitaba al Presidente de la Rep\u00fablica la creaci\u00f3n de un hospital psiqui\u00e1trico p\u00fablico, moderno y \u201ccon enfoque humanizado\u201d.<br \/>\n<!--more--><br \/>\nLa iniciativa fue presentada por la diputada Mar\u00eda Luisa Cordero, entre otros, y cont\u00f3 con el apoyo expreso de la diputada Veloso.<\/p>\n<p>En su discurso, la congresista independiente, que integra la bancada del Frente Amplio, record\u00f3 la reciente declaraci\u00f3n del Presidente Gabriel Boric donde record\u00f3 su internaci\u00f3n en un psiqui\u00e1trico.<\/p>\n<p>\u201cSon varios y varias quienes efectivamente vivimos o van a vivir lo mismo. En ese sentido, yo tambi\u00e9n soy una paciente de salud mental y seg\u00fan las cifras, no estamos solos&#8230;\u201d, alcanz\u00f3 a comentar Veloso, antes de interrumpirse.<\/p>\n<p>Consuelo Veloso reprende a colegas<br \/>\nLa legisladora no aguant\u00f3 oir risas entre colegas de la oposici\u00f3n. \u201cY se r\u00ede la derecha. \u00a1Son impresionantemente tontos! Con todas sus letras\u00bb, descarg\u00f3.<\/p>\n<p>Luego continu\u00f3 con su intervenci\u00f3n, advirtiendo que el pa\u00eds vive \u201cuna crisis de salud mental sin precedentes\u201d y que se requiere con urgencia de \u201cun padecimiento que se sufre silenciosamente y que termina traduci\u00e9ndose en todas esas personas, por ejemplo, que se tiran al Metro. Esto es un dolor de todos y no es para la risa, derecha\u201d, finaliz\u00f3.<\/p>\n<p>En reacci\u00f3n, el diputado Stephan Schubert (REP) conden\u00f3 que Veloso tratara de \u201ctontos\u201d a otros diputados en medio de su discurso sobre salud mental.<\/p>\n<p>La aludida no la dej\u00f3 hasta ah\u00ed y arremeti\u00f3 contra el presidente de la C\u00e1mara por no poner orden cuando se rieron durante su discurso.<\/p>\n<p>\u201cSalud mental no es sin\u00f3nimo de tonto. Pero ser tonto es precisamente re\u00edrse de la salud mental, como hicieron ustedes, y me hago cargo de lo que dije\u201d, sentenci\u00f3.<br \/>\nFUWNTW, LA CUARTA.COM<br \/>\nMEDIO DE DIFUSION, SIN FIN DE LUCRO ALGUNO <\/p>\n","protected":false},"excerpt":{"rendered":"<p>Un tenso momento en plena sesi\u00f3n protagoniz\u00f3 la diputada Consuelo Veloso frente a diputados de oposici\u00f3n. La parlamentaria no aguant\u00f3 que rieran cuando revel\u00f3 que es paciente de salud mental. El episodio se origin\u00f3 cuando la sala de la C\u00e1mara de Diputadas y Diputados se alistaba a votar un proyecto de resoluci\u00f3n que solicitaba al [&hellip;]<\/p>\n","protected":false},"author":51,"featured_media":0,"comment_status":"open","ping_status":"open","sticky":false,"template":"","format":"standard","meta":{"footnotes":""},"categories":[8,5,16,1,31,11],"tags":[205,144],"class_list":["post-29551","post","type-post","status-publish","format-standard","hentry","category-cultura","category-internacional","category-nacional","category-uncategorized","category-salud","category-tendencias","tag-chile","tag-diputados"],"_links":{"self":[{"href":"http:\/\/www.lanuevaopcion.cl\/index.php?rest_route=\/wp\/v2\/posts\/29551","targetHints":{"allow":["GET"]}}],"collection":[{"href":"http:\/\/www.lanuevaopcion.cl\/index.php?rest_route=\/wp\/v2\/posts"}],"about":[{"href":"http:\/\/www.lanuevaopcion.cl\/index.php?rest_route=\/wp\/v2\/types\/post"}],"author":[{"embeddable":true,"href":"http:\/\/www.lanuevaopcion.cl\/index.php?rest_route=\/wp\/v2\/users\/51"}],"replies":[{"embeddable":true,"href":"http:\/\/www.lanuevaopcion.cl\/index.php?rest_route=%2Fwp%2Fv2%2Fcomments&post=29551"}],"version-history":[{"count":1,"href":"http:\/\/www.lanuevaopcion.cl\/index.php?rest_route=\/wp\/v2\/posts\/29551\/revisions"}],"predecessor-version":[{"id":29552,"href":"http:\/\/www.lanuevaopcion.cl\/index.php?rest_route=\/wp\/v2\/posts\/29551\/revisions\/29552"}],"wp:attachment":[{"href":"http:\/\/www.lanuevaopcion.cl\/index.php?rest_route=%2Fwp%2Fv2%2Fmedia&parent=29551"}],"wp:term":[{"taxonomy":"category","embeddable":true,"href":"http:\/\/www.lanuevaopcion.cl\/index.php?rest_route=%2Fwp%2Fv2%2Fcategories&post=29551"},{"taxonomy":"post_tag","embeddable":true,"href":"http:\/\/www.lanuevaopcion.cl\/index.php?rest_route=%2Fwp%2Fv2%2Ftags&post=29551"}],"curies":[{"name":"wp","href":"https:\/\/api.w.org\/{rel}","templated":true}]}}