{"id":29549,"date":"2025-10-08T08:38:35","date_gmt":"2025-10-08T08:38:35","guid":{"rendered":"http:\/\/www.lanuevaopcion.cl\/?p=29549"},"modified":"2025-10-08T08:38:35","modified_gmt":"2025-10-08T08:38:35","slug":"la-moneda-enfrenta-fisura-interna-por-fondos-vitalicios-para-gabriel-boric","status":"publish","type":"post","link":"http:\/\/www.lanuevaopcion.cl\/?p=29549","title":{"rendered":"La Moneda enfrenta fisura interna por fondos vitalicios para Gabriel Boric"},"content":{"rendered":"<p><img loading=\"lazy\" decoding=\"async\"  alt=\"\" src=\"https:\/\/www.lacuarta.com\/resizer\/v2\/RLFCG63BXBGC5FNMUL5LV66E3Y.jpg?auth=20eaf2d436dc2ac9575285239adc5ecee26ac22ba5abd500d08b66ce51455750&#038;smart=true&#038;width=420&#038;height=236&#038;quality=70\" class=\"alignleft\" width=\"420\" height=\"236\" \/ class=\"alignleft\" style=\"margin-right:15px;margin-bottom:10px;float:left;\" ><br \/>\nLa discusi\u00f3n por el Presupuesto 2026 abri\u00f3 un flanco interno en La Moneda. El origen del conflicto involucra a los fondos que recibir\u00e1 Gabriel Boric una vez que deje la Presidencia, a partir de marzo de 2026.<\/p>\n<p>El proyecto contempla $151 millones adicionales al gasto actual destinado a expresidentes, elevando el total anual a $830 millones. En el caso de Boric, se calculan $17,6 millones mensuales por nueve meses, entre dieta y asignaciones.<br \/>\n<!--more--><br \/>\nDe ese monto, $7,3 millones corresponden a renta personal y $10,3 millones a gastos reembolsables de oficina, personal y viajes. Sin embargo, el car\u00e1cter legal de estos \u00faltimos abri\u00f3 una disputa pol\u00edtica y jur\u00eddica seg\u00fan consta en La Tercera.<\/p>\n<p>Los informes t\u00e9cnicos del Congreso establecen que solo la dieta est\u00e1 protegida por la Ley 19.672, mientras que las asignaciones deben aprobarse anualmente en la Ley de Presupuestos y podr\u00edan ser rechazadas.<\/p>\n<p>El Ejecutivo, en cambio, sostiene que ambos conceptos est\u00e1n amparados por la ley. Seg\u00fan la ministra Camila Vallejo, \u201ctodos los expresidentes por mandato constitucional tienen una dieta, y la ley tiene que aplicar ese mandato\u201d.<\/p>\n<p>Esa postura gener\u00f3 molestia incluso entre aliados. \u201cEl Presidente Boric deber\u00eda dar una instrucci\u00f3n clara de no hacer leyes de amarre. Eso es propio del general Pinochet\u201d, afirm\u00f3 Jaime Araya (independiente PPD).<\/p>\n<p>Rub\u00e9n Oyarzo (del Partido Radical) anunci\u00f3 su voto en contra: \u201cNo corresponde, sobre todo en tiempos de vacas flacas. Los recursos deben ir a seguridad, salud y educaci\u00f3n, no a asignaciones permanentes\u201d.<\/p>\n<p>El diputado Tom\u00e1s Lagomarsino (Tambi\u00e9n del Partido Radical) coincidi\u00f3 afirmando que: \u201cLos recursos fiscales no tienen que estar en un gabinete para un expresidente, sino en un Cesfam, una urgencia o un colegio\u201d.<\/p>\n<p>La discusi\u00f3n podr\u00eda llegar al Tribunal Constitucional<br \/>\nEl documento de la Dipres argumenta que el aumento responde a la continuidad del financiamiento de dietas, traslados y oficinas para los exmandatarios Frei, Lagos y Bachelet, adem\u00e1s de Boric.<\/p>\n<p>Sin embargo, el alza podr\u00eda derivar en un conflicto constitucional. El art\u00edculo 67 de la Carta Magna permite reducir solo los gastos no establecidos por leyes permanentes, como ser\u00eda el caso de las asignaciones.<\/p>\n<p>La controversia tambi\u00e9n revive un antecedente pol\u00edtico: en 2020, Boric impuls\u00f3 una reforma que elimin\u00f3 el concepto de \u201casignaciones\u201d de la Constituci\u00f3n. Informes posteriores del Senado mantuvieron interpretaciones divergentes sobre su validez.<\/p>\n<p>Desde la oposici\u00f3n, el diputado Henry Leal (UDI) acus\u00f3 un intento de blindaje: \u201choy d\u00eda quiere que sea una ley permanente para que esto no tenga discusi\u00f3n nunca m\u00e1s, se quiere asegurar de por vida\u201d.<\/p>\n<p>Diego Schalper (RN) fue m\u00e1s duro: \u201cLas asignaciones no tienen fundamento legal ni constitucional. O lo cambian o tendremos un conflicto que podr\u00eda terminar incluso en el Tribunal Constitucional\u201d\u201d.<br \/>\nhttps:\/\/www.lacuarta.com\/chile\/noticia\/la-moneda-enfrenta-fisura-interna-por-fondos-vitalicios-para-gabriel-boric\/<br \/>\nFUENTE. LA CUARTA.COM<br \/>\nMEDIO DE DIFUSION, SIN FIN DE LUCRO ALGUNO<\/p>\n","protected":false},"excerpt":{"rendered":"<p>La discusi\u00f3n por el Presupuesto 2026 abri\u00f3 un flanco interno en La Moneda. El origen del conflicto involucra a los fondos que recibir\u00e1 Gabriel Boric una vez que deje la Presidencia, a partir de marzo de 2026. El proyecto contempla $151 millones adicionales al gasto actual destinado a expresidentes, elevando el total anual a $830 [&hellip;]<\/p>\n","protected":false},"author":51,"featured_media":0,"comment_status":"open","ping_status":"open","sticky":false,"template":"","format":"standard","meta":{"footnotes":""},"categories":[8,4,5,16,1,11],"tags":[205,1572],"class_list":["post-29549","post","type-post","status-publish","format-standard","hentry","category-cultura","category-economia","category-internacional","category-nacional","category-uncategorized","category-tendencias","tag-chile","tag-la-moneda"],"_links":{"self":[{"href":"http:\/\/www.lanuevaopcion.cl\/index.php?rest_route=\/wp\/v2\/posts\/29549","targetHints":{"allow":["GET"]}}],"collection":[{"href":"http:\/\/www.lanuevaopcion.cl\/index.php?rest_route=\/wp\/v2\/posts"}],"about":[{"href":"http:\/\/www.lanuevaopcion.cl\/index.php?rest_route=\/wp\/v2\/types\/post"}],"author":[{"embeddable":true,"href":"http:\/\/www.lanuevaopcion.cl\/index.php?rest_route=\/wp\/v2\/users\/51"}],"replies":[{"embeddable":true,"href":"http:\/\/www.lanuevaopcion.cl\/index.php?rest_route=%2Fwp%2Fv2%2Fcomments&post=29549"}],"version-history":[{"count":1,"href":"http:\/\/www.lanuevaopcion.cl\/index.php?rest_route=\/wp\/v2\/posts\/29549\/revisions"}],"predecessor-version":[{"id":29550,"href":"http:\/\/www.lanuevaopcion.cl\/index.php?rest_route=\/wp\/v2\/posts\/29549\/revisions\/29550"}],"wp:attachment":[{"href":"http:\/\/www.lanuevaopcion.cl\/index.php?rest_route=%2Fwp%2Fv2%2Fmedia&parent=29549"}],"wp:term":[{"taxonomy":"category","embeddable":true,"href":"http:\/\/www.lanuevaopcion.cl\/index.php?rest_route=%2Fwp%2Fv2%2Fcategories&post=29549"},{"taxonomy":"post_tag","embeddable":true,"href":"http:\/\/www.lanuevaopcion.cl\/index.php?rest_route=%2Fwp%2Fv2%2Ftags&post=29549"}],"curies":[{"name":"wp","href":"https:\/\/api.w.org\/{rel}","templated":true}]}}