{"id":29539,"date":"2025-10-02T09:02:31","date_gmt":"2025-10-02T09:02:31","guid":{"rendered":"http:\/\/www.lanuevaopcion.cl\/?p=29539"},"modified":"2025-10-02T09:02:31","modified_gmt":"2025-10-02T09:02:31","slug":"el-tenso-momento-de-jorge-valdivia-con-la-prensa-quiso-guardar-silencio-pero-insistentes-preguntas-lo-sacaron-de-quicio","status":"publish","type":"post","link":"http:\/\/www.lanuevaopcion.cl\/?p=29539","title":{"rendered":"El tenso momento de Jorge Valdivia con la prensa: quiso guardar silencio, pero insistentes preguntas lo sacaron de quicio"},"content":{"rendered":"<p><img loading=\"lazy\" decoding=\"async\"  alt=\"\" src=\"https:\/\/www.lacuarta.com\/resizer\/v2\/YYJON54B25GLJB6PYHPA7KQMIU.jpg?auth=51e29ac1d5492aeebdfeade11fc9e44e0575ace0bf30802316fd7ed517ecad9b&#038;smart=true&#038;width=420&#038;height=236&#038;quality=70\" class=\"alignleft\" width=\"420\" height=\"236\" \/ class=\"alignleft\" style=\"margin-right:15px;margin-bottom:10px;float:left;\" ><br \/>\nUna ca\u00f3tica llegada al Centro de Justicia tuvo esta ma\u00f1ana Jorge Valdivia, quien acudi\u00f3 a dicho recinto junto a su abogada, Paula Vial, para que le revisaran sus medidas cautelares tras un nuevo video que se viraliz\u00f3, y en el que aparece amedrentando a una de sus denunciantes en plena v\u00eda p\u00fablica.<\/p>\n<p>Por lo mismo, el Mago fue abordado por diversos medios de comunciaci\u00f3n, tanto del \u00e1rea de prensa como faranduleros, quienes buscaban obtener su versi\u00f3n o cualquier tipo de declaraci\u00f3n al respecto.<br \/>\n<!--more--><br \/>\nY como era de esperarse, el ex jugador de Colo Colo y la Selecci\u00f3n Chilena fue bombardeado con preguntas por parte de los periodistas presentes, quienes lo acompa\u00f1aron en todo el recorrido, desde que se baj\u00f3 del veh\u00edculo y hasta el ingreso al edificio.<\/p>\n<p>Incluso, en un momento se registr\u00f3 una particular situaci\u00f3n que hizo reaccionar con iron\u00eda a Valdivia.<\/p>\n<p>\u201c\u00bfPodemos seguir? \u00bfPodemos seguir?\u201d, brome\u00f3 cuando un camar\u00f3grafo se tropez\u00f3 y estuvo apunto de carse en medio de la bataola.<\/p>\n<p>Pero eso no es todo, pues en un momento el Mago perdi\u00f3 totalmente la paciencia, se par\u00f3, y decidi\u00f3 frenar la lluvia de preguntas que le estaban haciendo.<\/p>\n<p>\u201cChiquillos, \u00bfpuedo decir algo? Por qu\u00e9 nos siguen si al final\u2026\u201d, alcanz\u00f3 a decir cuando fue interrumpido nuevamente por las preguntas de los noteros.<\/p>\n<p>Sin embargo, ya con cara de evidente hast\u00edo, avis\u00f3 que \u201cvamos a hablar al final, despu\u00e9s de la audiencia\u201d. Luego, retom\u00f3 el tranco y continu\u00f3 su camino en silencio.<\/p>\n<p>Cabe indicar que, pese a la grave acusaci\u00f3n en su contra, el Cuarto Juzgado de Garant\u00eda de Santiago rechaz\u00f3 enviar a Jorge Valdivia nuevamente a prisi\u00f3n preventiva.<\/p>\n<p>De esta forma, por ahora el otrora futbolista continuar\u00e1 con la medida cautelar de arresto domiciliario nocturno mientras contin\u00faa la investigaci\u00f3n por las acusaciones de abuso sexual en su contra.<br \/>\nhttps:\/\/www.lacuarta.com\/chile\/noticia\/el-tenso-momento-de-jorge-valdivia-con-la-prensa-quiso-guardar-silencio-pero-insistentes-preguntas-lo-sacaron-de-quicio\/<br \/>\nFUENTE. LA CUARTA.COM<br \/>\nMEDIO DE DIFUSION, SIN FIN DE LUCRO ALGUNO <\/p>\n","protected":false},"excerpt":{"rendered":"<p>Una ca\u00f3tica llegada al Centro de Justicia tuvo esta ma\u00f1ana Jorge Valdivia, quien acudi\u00f3 a dicho recinto junto a su abogada, Paula Vial, para que le revisaran sus medidas cautelares tras un nuevo video que se viraliz\u00f3, y en el que aparece amedrentando a una de sus denunciantes en plena v\u00eda p\u00fablica. Por lo mismo, [&hellip;]<\/p>\n","protected":false},"author":51,"featured_media":0,"comment_status":"open","ping_status":"open","sticky":false,"template":"","format":"standard","meta":{"footnotes":""},"categories":[8,4,5,16,30,1,11],"tags":[205,137],"class_list":["post-29539","post","type-post","status-publish","format-standard","hentry","category-cultura","category-economia","category-internacional","category-nacional","category-policial","category-uncategorized","category-tendencias","tag-chile","tag-tribunales"],"_links":{"self":[{"href":"http:\/\/www.lanuevaopcion.cl\/index.php?rest_route=\/wp\/v2\/posts\/29539","targetHints":{"allow":["GET"]}}],"collection":[{"href":"http:\/\/www.lanuevaopcion.cl\/index.php?rest_route=\/wp\/v2\/posts"}],"about":[{"href":"http:\/\/www.lanuevaopcion.cl\/index.php?rest_route=\/wp\/v2\/types\/post"}],"author":[{"embeddable":true,"href":"http:\/\/www.lanuevaopcion.cl\/index.php?rest_route=\/wp\/v2\/users\/51"}],"replies":[{"embeddable":true,"href":"http:\/\/www.lanuevaopcion.cl\/index.php?rest_route=%2Fwp%2Fv2%2Fcomments&post=29539"}],"version-history":[{"count":1,"href":"http:\/\/www.lanuevaopcion.cl\/index.php?rest_route=\/wp\/v2\/posts\/29539\/revisions"}],"predecessor-version":[{"id":29540,"href":"http:\/\/www.lanuevaopcion.cl\/index.php?rest_route=\/wp\/v2\/posts\/29539\/revisions\/29540"}],"wp:attachment":[{"href":"http:\/\/www.lanuevaopcion.cl\/index.php?rest_route=%2Fwp%2Fv2%2Fmedia&parent=29539"}],"wp:term":[{"taxonomy":"category","embeddable":true,"href":"http:\/\/www.lanuevaopcion.cl\/index.php?rest_route=%2Fwp%2Fv2%2Fcategories&post=29539"},{"taxonomy":"post_tag","embeddable":true,"href":"http:\/\/www.lanuevaopcion.cl\/index.php?rest_route=%2Fwp%2Fv2%2Ftags&post=29539"}],"curies":[{"name":"wp","href":"https:\/\/api.w.org\/{rel}","templated":true}]}}