{"id":29530,"date":"2025-09-26T09:20:32","date_gmt":"2025-09-26T09:20:32","guid":{"rendered":"http:\/\/www.lanuevaopcion.cl\/?p=29530"},"modified":"2025-09-26T09:20:32","modified_gmt":"2025-09-26T09:20:32","slug":"la-pregunta-de-periodista-que-molesto-al-presidente-boric-en-nueva-york-involucro-a-javier-milei","status":"publish","type":"post","link":"http:\/\/www.lanuevaopcion.cl\/?p=29530","title":{"rendered":"La pregunta de periodista que molest\u00f3 al Presidente Boric en Nueva York: involucr\u00f3 a Javier Milei"},"content":{"rendered":"<p><img loading=\"lazy\" decoding=\"async\"  alt=\"\" src=\"https:\/\/www.lacuarta.com\/resizer\/v2\/WMP6EM4ZQFEMDHXHJVBBQUSE5U.jpg?auth=4834022af660e142dd10c49debfb5b99128e094d2434c41e3165e48506ffdf8d&#038;smart=true&#038;width=420&#038;height=236&#038;quality=70\" class=\"alignleft\" width=\"420\" height=\"236\" \/ class=\"alignleft\" style=\"margin-right:15px;margin-bottom:10px;float:left;\" ><br \/>\nUn tenso momento protagoniz\u00f3 el Presidente Gabriel Boric con un periodista, durante un punto de prensa ofrecido en el marco de la Asamblea General de la ONU, en Nueva York.<\/p>\n<p>Uno de los reporteros que tom\u00f3 la palabra en la ronda de preguntas quiso consultar al mandatario por un supuesto contacto con el gobernador de Buenos Aires, uno de los m\u00e1s emblem\u00e1ticos opositores al gobierno de Javier Milei.<br \/>\n<!--more--><br \/>\n\u201cA nosotros se nos inform\u00f3 que usted tom\u00f3 contacto con el gobernador de la provincia de Buenos Aires, Axel Kicillof, para una posible reuni\u00f3n que no se concret\u00f3 efectivamente\u201d, parti\u00f3 se\u00f1alando el reportero.<\/p>\n<p>Luego, el profesional le enrostr\u00f3 el episodio en que no contest\u00f3 la llamada del secretario de Estado de Estados Unidos, Marco Rubio, y termin\u00f3 pregunt\u00e1ndole: \u201c\u00bfPor qu\u00e9 no se han hecho esfuerzos por mejorar la relaci\u00f3n con Argentina?\u201c.<\/p>\n<p>Gabriel Boric en Nueva York, por Asamblea General de Naciones Unidas.<br \/>\nEl cruce entre Boric y periodista<br \/>\nBoric, visiblemente contrariado, exigi\u00f3 saber: \u201c\u00bfEs una pregunta o una afirmaci\u00f3n? Contiene una hip\u00f3tesis en la pregunta \u00bfcu\u00e1l es la hip\u00f3tesis de la pregunta?\u201c.<\/p>\n<p>El periodista intent\u00f3 explicarse y se gener\u00f3 un tenso intercambio:<\/p>\n<p>Boric: Le dijeron a usted que yo tom\u00e9 contacto con alguien.<\/p>\n<p>Periodista: Eso se nos inform\u00f3 a todos nosotros.<\/p>\n<p>Boric: Qui\u00e9n le inform\u00f3 eso.<\/p>\n<p>Periodista: No puedo revelar la fuente, Presidente.<\/p>\n<p>Boric: Pero yo no tuve ninguna reuni\u00f3n con Axel Kicillof.<\/p>\n<p>Periodista: No, contacto. No dije reuni\u00f3n.<\/p>\n<p>Boric: Pero&#8230; No entiendo, cu\u00e1l es el punto.<\/p>\n<p>Tras ello, y para zanjar el tema, el jefe de Estado record\u00f3 que fue al cambio de mando de Milei, \u201ccomo corresponde a un Presidente, m\u00e1s aun de un pa\u00eds vecino\u201d.<br \/>\n<!--more--><br \/>\n\u201cYo puedo tener diferencias ideol\u00f3gicas con el Presidente Milei pero siempre he tratado con respeto. Lo conversamos incluso. Entonces, hacer una afirmaci\u00f3n y tratar de instalar la idea de que yo estoy teniendo conversaciones por el lado&#8230; Eso no es cierto, nom\u00e1s\u201d, descarg\u00f3.<br \/>\n<!--more--><\/p>\n<p>\u201cMe he relacionado con el Presidente Milei como corresponde porque fue a quien eligieron los argentinos y respeto la voluntad soberana del pueblo argentino\u201d, asever\u00f3.<br \/>\nhttps:\/\/www.lacuarta.com\/chile\/noticia\/la-pregunta-de-periodista-que-molesto-al-presidente-boric-en-nueva-york-involucro-a-milei\/<br \/>\nFUENTE. LA CUARTA.COM<br \/>\nMEDIO DE DIFUSION, SIN FIN DE LUCRO ALGUNO <\/p>\n","protected":false},"excerpt":{"rendered":"<p>Un tenso momento protagoniz\u00f3 el Presidente Gabriel Boric con un periodista, durante un punto de prensa ofrecido en el marco de la Asamblea General de la ONU, en Nueva York. Uno de los reporteros que tom\u00f3 la palabra en la ronda de preguntas quiso consultar al mandatario por un supuesto contacto con el gobernador de [&hellip;]<\/p>\n","protected":false},"author":51,"featured_media":0,"comment_status":"open","ping_status":"open","sticky":false,"template":"","format":"standard","meta":{"footnotes":""},"categories":[8,4,5,16,1,31,11],"tags":[77,1568,80,878],"class_list":["post-29530","post","type-post","status-publish","format-standard","hentry","category-cultura","category-economia","category-internacional","category-nacional","category-uncategorized","category-salud","category-tendencias","tag-mundo","tag-nueva-york","tag-onu","tag-presidente-boric"],"_links":{"self":[{"href":"http:\/\/www.lanuevaopcion.cl\/index.php?rest_route=\/wp\/v2\/posts\/29530","targetHints":{"allow":["GET"]}}],"collection":[{"href":"http:\/\/www.lanuevaopcion.cl\/index.php?rest_route=\/wp\/v2\/posts"}],"about":[{"href":"http:\/\/www.lanuevaopcion.cl\/index.php?rest_route=\/wp\/v2\/types\/post"}],"author":[{"embeddable":true,"href":"http:\/\/www.lanuevaopcion.cl\/index.php?rest_route=\/wp\/v2\/users\/51"}],"replies":[{"embeddable":true,"href":"http:\/\/www.lanuevaopcion.cl\/index.php?rest_route=%2Fwp%2Fv2%2Fcomments&post=29530"}],"version-history":[{"count":1,"href":"http:\/\/www.lanuevaopcion.cl\/index.php?rest_route=\/wp\/v2\/posts\/29530\/revisions"}],"predecessor-version":[{"id":29531,"href":"http:\/\/www.lanuevaopcion.cl\/index.php?rest_route=\/wp\/v2\/posts\/29530\/revisions\/29531"}],"wp:attachment":[{"href":"http:\/\/www.lanuevaopcion.cl\/index.php?rest_route=%2Fwp%2Fv2%2Fmedia&parent=29530"}],"wp:term":[{"taxonomy":"category","embeddable":true,"href":"http:\/\/www.lanuevaopcion.cl\/index.php?rest_route=%2Fwp%2Fv2%2Fcategories&post=29530"},{"taxonomy":"post_tag","embeddable":true,"href":"http:\/\/www.lanuevaopcion.cl\/index.php?rest_route=%2Fwp%2Fv2%2Ftags&post=29530"}],"curies":[{"name":"wp","href":"https:\/\/api.w.org\/{rel}","templated":true}]}}