{"id":29526,"date":"2025-09-24T10:23:25","date_gmt":"2025-09-24T10:23:25","guid":{"rendered":"http:\/\/www.lanuevaopcion.cl\/?p=29526"},"modified":"2025-09-24T10:23:25","modified_gmt":"2025-09-24T10:23:25","slug":"el-momento-en-que-boric-anuncia-a-bachelet-como-candidata-a-secretaria-general-de-la-onu-asi-reacciono-la-asamblea","status":"publish","type":"post","link":"http:\/\/www.lanuevaopcion.cl\/?p=29526","title":{"rendered":"El momento en que Boric anuncia a Bachelet como candidata a Secretaria General de la ONU: as\u00ed reaccion\u00f3 la asamblea"},"content":{"rendered":"<p><img loading=\"lazy\" decoding=\"async\"  alt=\"\" src=\"https:\/\/www.lacuarta.com\/resizer\/v2\/6MNKEFWTDRDC5M5OGCIICVELXQ.jpg?auth=e762a15c3cde5d206896dbf01ac3199efea0b835c7861cb09a0614994ce08524&#038;smart=true&#038;width=420&#038;height=236&#038;quality=70\" class=\"alignleft\" width=\"420\" height=\"236\" \/ class=\"alignleft\" style=\"margin-right:15px;margin-bottom:10px;float:left;\" ><br \/>\nTal como se esperaba, el Presidente Gabriel Boric anunci\u00f3 oficialmente la nominaci\u00f3n de Michelle Bachelet como candidata a Secretaria General de la ONU.<\/p>\n<p>El mandatario incluy\u00f3 el anuncio en su discurso ante la 80\u00b0 Asamblea General de Naciones Unidas que se desarrolla en Nueva York, Estados Unidos, donde se congregan los l\u00edderes mundiales.<br \/>\n<!--more--><br \/>\n\u201cEs para m\u00ed un tremendo honor anunciar desde aqu\u00ed que Chile nominar\u00e1 a nuestra exPresidenta Michelle Bachelet Jeria como candidata a la Secretar\u00eda General de Naciones Unidas\u201d, comunic\u00f3 Boric, en la parte final de su alocuci\u00f3n.<br \/>\nhttps:\/\/www.lacuarta.com\/chile\/noticia\/el-momento-en-que-boric-anuncia-a-bachelet-como-candidata-a-secretaria-general-de-la-onu-asi-reacciono-la-asamblea\/<br \/>\nFUENTE. LA CUARTA.COM<br \/>\nMEDIO DE DIFUSION, SIN FIN DE LUCRO ALGUNO <\/p>\n","protected":false},"excerpt":{"rendered":"<p>Tal como se esperaba, el Presidente Gabriel Boric anunci\u00f3 oficialmente la nominaci\u00f3n de Michelle Bachelet como candidata a Secretaria General de la ONU. El mandatario incluy\u00f3 el anuncio en su discurso ante la 80\u00b0 Asamblea General de Naciones Unidas que se desarrolla en Nueva York, Estados Unidos, donde se congregan los l\u00edderes mundiales.<\/p>\n","protected":false},"author":51,"featured_media":0,"comment_status":"open","ping_status":"open","sticky":false,"template":"","format":"standard","meta":{"footnotes":""},"categories":[4,5,16,1,11],"tags":[77,80],"class_list":["post-29526","post","type-post","status-publish","format-standard","hentry","category-economia","category-internacional","category-nacional","category-uncategorized","category-tendencias","tag-mundo","tag-onu"],"_links":{"self":[{"href":"http:\/\/www.lanuevaopcion.cl\/index.php?rest_route=\/wp\/v2\/posts\/29526","targetHints":{"allow":["GET"]}}],"collection":[{"href":"http:\/\/www.lanuevaopcion.cl\/index.php?rest_route=\/wp\/v2\/posts"}],"about":[{"href":"http:\/\/www.lanuevaopcion.cl\/index.php?rest_route=\/wp\/v2\/types\/post"}],"author":[{"embeddable":true,"href":"http:\/\/www.lanuevaopcion.cl\/index.php?rest_route=\/wp\/v2\/users\/51"}],"replies":[{"embeddable":true,"href":"http:\/\/www.lanuevaopcion.cl\/index.php?rest_route=%2Fwp%2Fv2%2Fcomments&post=29526"}],"version-history":[{"count":1,"href":"http:\/\/www.lanuevaopcion.cl\/index.php?rest_route=\/wp\/v2\/posts\/29526\/revisions"}],"predecessor-version":[{"id":29527,"href":"http:\/\/www.lanuevaopcion.cl\/index.php?rest_route=\/wp\/v2\/posts\/29526\/revisions\/29527"}],"wp:attachment":[{"href":"http:\/\/www.lanuevaopcion.cl\/index.php?rest_route=%2Fwp%2Fv2%2Fmedia&parent=29526"}],"wp:term":[{"taxonomy":"category","embeddable":true,"href":"http:\/\/www.lanuevaopcion.cl\/index.php?rest_route=%2Fwp%2Fv2%2Fcategories&post=29526"},{"taxonomy":"post_tag","embeddable":true,"href":"http:\/\/www.lanuevaopcion.cl\/index.php?rest_route=%2Fwp%2Fv2%2Ftags&post=29526"}],"curies":[{"name":"wp","href":"https:\/\/api.w.org\/{rel}","templated":true}]}}