{"id":29524,"date":"2025-09-23T12:35:28","date_gmt":"2025-09-23T12:35:28","guid":{"rendered":"http:\/\/www.lanuevaopcion.cl\/?p=29524"},"modified":"2025-09-23T12:35:28","modified_gmt":"2025-09-23T12:35:28","slug":"%e2%80%9csu-actitud-es-la-de-un-sicopata%e2%80%9d-dra-cordero-arremete-contra-eduardo-artes-y-sorprende-con-diagnostico-a-distancia","status":"publish","type":"post","link":"http:\/\/www.lanuevaopcion.cl\/?p=29524","title":{"rendered":"\u201cSu actitud, es la de un sic\u00f3pata\u201d: Dra. Cordero arremete contra Eduardo Art\u00e9s y sorprende con diagn\u00f3stico a distancia"},"content":{"rendered":"<p><img loading=\"lazy\" decoding=\"async\"  alt=\"\" src=\"https:\/\/www.lacuarta.com\/resizer\/v2\/JCHUBKXTD5B5BMNLVUIXUTI5ZU.jpg?auth=a61554163c89d9c3a54c3a60c0b7b829f376ea4296bea6022f84c1c4314e49ec&#038;focal=468%2C247&#038;width=420&#038;height=236&#038;quality=70\" class=\"alignleft\" width=\"420\" height=\"236\" \/ class=\"alignleft\" style=\"margin-right:15px;margin-bottom:10px;float:left;\" ><br \/>\nLa diputada Mar\u00eda Luisa Cordero reaccion\u00f3 a los recientes y pol\u00e9micos dichos de Eduardo Art\u00e9s respecto a un posible gobierno de Jos\u00e9 Antonio Kast o Johannes Kaiser.<\/p>\n<p>En di\u00e1logo con The Clinic, el profe sostuvo que \u201cun Kast o un Kaiser, en Chile va a durar menos que un gusano en el pico de un p\u00e1jaro\u201d.<\/p>\n<p>Y ayer lunes, en radio Pauta, insisti\u00f3 en su postura: \u201cNosotros, la izquierda, no lo vamos a dejar (gobernar). Sacamos a Pinochet y no va a durar nada un gobierno con Kast\u201c.<br \/>\n<!--more--><\/p>\n<p>La reacci\u00f3n de la Dra. Cordero<br \/>\nAl tanto de estos dichos del candidato de izquierda, la legisladora y psiquiatra no se pudo contener.<\/p>\n<p>\u201cChile es un pa\u00eds democr\u00e1tico y con libertad de expresi\u00f3n! Pero las declaraciones del candidato Presidencial Eduardo Art\u00e9s (por 5\u00b0 vez) que va \u00faltimo en las encuestas, sobrepasan todos los l\u00edmites de la cordura y de la sociolog\u00eda humana\u201c, sostuvo la parlamentaria que busca la reelecci\u00f3n.<\/p>\n<p>\u201cSu actitud, es la de un sic\u00f3pata narcisista maligno, que si no se concretan sus proyectos pol\u00edticos bajo su propia ideolog\u00eda es capaz de hacer cualquier cosa para vengarse y destruir a su adversario\u201d, agreg\u00f3, en una especie de diagn\u00f3stico a distancia.<\/p>\n<p>Al cierre, la doctora hizo un llamado a sus seguidores de X (plataforma donde comparti\u00f3 el mensaje): \u201cCompatriotas, no nos podemos dejar amedrentar y permitir que un pu\u00f1ado de anarquistas quieran destruir nuevamente nuestro pa\u00eds, como en el a\u00f1o 2019 cuando llamaron a quemar y destruirlo todo, deseando derrocar por la fuerza el gobierno democr\u00e1tico del Presidente Pi\u00f1era\u201d.<\/p>\n<p>\u201cLe recuerdo (a Art\u00e9s) que a Pinochet no lo sac\u00f3 ni usted ni los marxistas, se fue solo ya que convoc\u00f3 a un plebiscito\u201d, finaliz\u00f3 la doctora Cordero.<br \/>\nhttps:\/\/www.lacuarta.com\/chile\/noticia\/su-actitud-es-la-de-un-sicopata-dra-cordero-arremete-contra-eduardo-artes-y-sorprende-con-diagnostico-a-distancia\/<br \/>\nFUENTE. LA CUARTA.COM<br \/>\nMEDIO DE DIFUSION, SIN FIN DE LUCRO ALGUNO <\/p>\n","protected":false},"excerpt":{"rendered":"<p>La diputada Mar\u00eda Luisa Cordero reaccion\u00f3 a los recientes y pol\u00e9micos dichos de Eduardo Art\u00e9s respecto a un posible gobierno de Jos\u00e9 Antonio Kast o Johannes Kaiser. En di\u00e1logo con The Clinic, el profe sostuvo que \u201cun Kast o un Kaiser, en Chile va a durar menos que un gusano en el pico de un [&hellip;]<\/p>\n","protected":false},"author":51,"featured_media":0,"comment_status":"open","ping_status":"open","sticky":false,"template":"","format":"standard","meta":{"footnotes":""},"categories":[8,9,5,16,30,1,31,11],"tags":[1089,1335],"class_list":["post-29524","post","type-post","status-publish","format-standard","hentry","category-cultura","category-educacion","category-internacional","category-nacional","category-policial","category-uncategorized","category-salud","category-tendencias","tag-diputada","tag-dra-cordero-diputada"],"_links":{"self":[{"href":"http:\/\/www.lanuevaopcion.cl\/index.php?rest_route=\/wp\/v2\/posts\/29524","targetHints":{"allow":["GET"]}}],"collection":[{"href":"http:\/\/www.lanuevaopcion.cl\/index.php?rest_route=\/wp\/v2\/posts"}],"about":[{"href":"http:\/\/www.lanuevaopcion.cl\/index.php?rest_route=\/wp\/v2\/types\/post"}],"author":[{"embeddable":true,"href":"http:\/\/www.lanuevaopcion.cl\/index.php?rest_route=\/wp\/v2\/users\/51"}],"replies":[{"embeddable":true,"href":"http:\/\/www.lanuevaopcion.cl\/index.php?rest_route=%2Fwp%2Fv2%2Fcomments&post=29524"}],"version-history":[{"count":1,"href":"http:\/\/www.lanuevaopcion.cl\/index.php?rest_route=\/wp\/v2\/posts\/29524\/revisions"}],"predecessor-version":[{"id":29525,"href":"http:\/\/www.lanuevaopcion.cl\/index.php?rest_route=\/wp\/v2\/posts\/29524\/revisions\/29525"}],"wp:attachment":[{"href":"http:\/\/www.lanuevaopcion.cl\/index.php?rest_route=%2Fwp%2Fv2%2Fmedia&parent=29524"}],"wp:term":[{"taxonomy":"category","embeddable":true,"href":"http:\/\/www.lanuevaopcion.cl\/index.php?rest_route=%2Fwp%2Fv2%2Fcategories&post=29524"},{"taxonomy":"post_tag","embeddable":true,"href":"http:\/\/www.lanuevaopcion.cl\/index.php?rest_route=%2Fwp%2Fv2%2Ftags&post=29524"}],"curies":[{"name":"wp","href":"https:\/\/api.w.org\/{rel}","templated":true}]}}